{"id":116006,"date":"2019-09-13T07:05:17","date_gmt":"2019-09-13T10:05:17","guid":{"rendered":"http:\/\/www.caririemacao.com\/1\/?p=116006"},"modified":"2019-09-13T07:05:17","modified_gmt":"2019-09-13T10:05:17","slug":"incendio-em-hospital-deixa-11-pessoas-mortas-no-rio-de-janeiro","status":"publish","type":"post","link":"https:\/\/www.caririemacao.com\/1\/2019\/09\/13\/incendio-em-hospital-deixa-11-pessoas-mortas-no-rio-de-janeiro\/","title":{"rendered":"Inc\u00eandio em hospital deixa 11 pessoas mortas no Rio de Janeiro"},"content":{"rendered":"\n<p>Um inc\u00eandio atingiu o Hospital Badim, no bairro do Maracan\u00e3, Zona Norte do Rio, nesta quinta-feira (12), e deixou 11 mortos.&nbsp;Segundo a dire\u00e7\u00e3o da unidade hospitalar, o fogo, a princ\u00edpio, teria sido provocado por um curto circuito no gerador de um dos pr\u00e9dios.&nbsp;<\/p>\n\n\n\n<p>Por conta das chamas, funcion\u00e1rios retiraram os pacientes do local \u00e0s pressas e os colocaram nas cal\u00e7adas, onde receberam atendimento.&nbsp;<\/p>\n\n\n\n<p>Oito pessoas com queimaduras graves nas vias respirat\u00f3rias foram transferidas e internadas no Quinta D&#8217;or, em S\u00e3o Crist\u00f3v\u00e3o, ap\u00f3s inalar grande quantidade de fuma\u00e7a. Onze pessoas morreram, mas ainda n\u00e3o h\u00e1 as identifica\u00e7\u00f5es. No momento do inc\u00eandio 103 pacientes estavam no hospital<\/p>\n\n\n\n<p>\u2014 O hospital tem 200 leitos, estava quase cheio. Todos os pacientes foram retirados. A fuma\u00e7a que ainda est\u00e1 saindo, possivelmente \u00e9 do gerador que \u00e9 a \u00f3leo diesel \u2014 disse, ressaltando a corrente de solidariedade. \u2014 A vizinhan\u00e7a compreendeu, os demais hospitais tamb\u00e9m. Toda essa ajuda \u00e9 muito importante. Existe uma movimenta\u00e7\u00e3o muito grande para o problema ser resolvido, afirmou Jos\u00e9 Badim.<\/p>\n\n\n\n<p>Em nota, o hospital afirmou que mais de 100 m\u00e9dicos foram mobilizados para dar assist\u00eancia aos pacientes que estavam sendo socorridos, e s\u00f3 se manifestar\u00e1 novamente ap\u00f3s os bombeiros terminarem os trabalhos e liberarem o pr\u00e9dio.<\/p>\n\n\n\n<p>O vice-governador Claudio Castro, que esteve no local do incidente, contou que o Corpo de Bombeiros removeu 69 pessoas:<\/p>\n\n\n\n<p>\u2014 As informa\u00e7\u00f5es que n\u00f3s temos \u00e9 que 69 pacientes foram removidos pelas ambul\u00e2ncias do Corpo de Bombeiros. \u00c9 o n\u00famero oficial que eu tenho. Agora, n\u00f3s sabemos que pacientes foram removidos por ambul\u00e2ncias da prefeitura e de hospitais particulares. Os bombeiros continuam o trabalho de rescaldo, em busca de pessoas vivas. Percorrendo corredores, entrando em banheiros, tentando achar v\u00edtimas \u2014 contou<\/p>\n\n\n\n<p>Segundo o Corpo de Bombeiros, as equipes foram acionadas \u00e0s 17h59. A corpora\u00e7\u00e3o disse que ainda n\u00e3o h\u00e1 informa\u00e7\u00e3o de em que parte do hospital come\u00e7ou o fogo.<br><br>A a\u00e7\u00e3o conta com o apoio do Corpo de Bombeiros, que foi acionado por volta das 18h. Segundo os bombeiros, as chamas j\u00e1 haviam sido apagadas por volta das 19h45m. No entanto, ainda havia muita fuma\u00e7a, com cheiro forte, saindo da unidade de sa\u00fade. Funcion\u00e1rios usam m\u00e1scaras nos rostos para se proteger.<\/p>\n\n\n\n<p>\u2014 As informa\u00e7\u00f5es que n\u00f3s temos \u00e9 que 69 pacientes foram removidos pelas ambul\u00e2ncias do Corpo de Bombeiros. \u00c9 o n\u00famero oficial que eu tenho. Agora, n\u00f3s sabemos que pacientes foram removidos por ambul\u00e2ncias da prefeitura e de hospitais particulares. Os bombeiros continuam o trabalho de rescaldo, em busca de pessoas vivas. Percorrendo corredores, entrando em banheiros, tentando achar v\u00edtimas \u2014 contou<\/p>\n\n\n\n<p>Jaqueline Santos conta que estava no hospital acompanhando o marido, Marco Damasco, que havia acabado de passar por uma cirurgia, quando tudo aconteceu:<\/p>\n\n\n\n<p>\u2014 Ele foi operado e estava na UTI. Por volta das 18h30m, a televis\u00e3o e o sinal de internet apagaram. Parou tudo. Passamos a sentir cheio de fuma\u00e7a e o ambiente nos corredores ficou escuro. Logo depois, fomos orientados a deixar o pr\u00e9dio com calma \u2014 afirmou.<\/p>\n\n\n\n<p>Os pacientes est\u00e3o sendo atendidos na cal\u00e7adas das ruas S\u00e3o Francisco Xavier e Artur Menezes. Tr\u00eas bases de atendimento foram improvisados em im\u00f3veis pr\u00f3ximos ao local; entre eles, uma creche e a garagem de um pr\u00e9dio.<\/p>\n\n\n\n<p>A ala do hospital atingida seria nova. A Pol\u00edcia Militar interditou as proximidades do hospital. Ambul\u00e2ncias de hospital particulares e p\u00fablicos fazem o transporte dos pacientes.<\/p>\n\n\n\n<p>Lilian Dillon, s\u00edndica de um pr\u00e9dio vizinho ao hospital, contou que o inc\u00eandio teria come\u00e7ado pela lateral do edif\u00edcio. Ela foi alertada pelo porteiro do inc\u00eandio por volta das 18 horas. Ela contou que parte dos pacientes foi resgatado por uma passagem subterr\u00e2nea que liga o hospital ao pr\u00e9dio dela.<\/p>\n","protected":false},"excerpt":{"rendered":"<p>Um inc\u00eandio atingiu o Hospital Badim, no bairro do Maracan\u00e3, Zona Norte do Rio, nesta quinta-feira (12), e deixou 11 mortos.&nbsp;Segundo a dire\u00e7\u00e3o da unidade&hellip; <\/p>\n","protected":false},"author":1,"featured_media":116008,"comment_status":"closed","ping_status":"closed","sticky":false,"template":"","format":"standard","meta":{"sfsi_plus_gutenberg_text_before_share":"","sfsi_plus_gutenberg_show_text_before_share":"","sfsi_plus_gutenberg_icon_type":"","sfsi_plus_gutenberg_icon_alignemt":"","sfsi_plus_gutenburg_max_per_row":"","footnotes":""},"categories":[2],"tags":[],"class_list":["post-116006","post","type-post","status-publish","format-standard","has-post-thumbnail","hentry","category-geral"],"_links":{"self":[{"href":"https:\/\/www.caririemacao.com\/1\/wp-json\/wp\/v2\/posts\/116006","targetHints":{"allow":["GET"]}}],"collection":[{"href":"https:\/\/www.caririemacao.com\/1\/wp-json\/wp\/v2\/posts"}],"about":[{"href":"https:\/\/www.caririemacao.com\/1\/wp-json\/wp\/v2\/types\/post"}],"author":[{"embeddable":true,"href":"https:\/\/www.caririemacao.com\/1\/wp-json\/wp\/v2\/users\/1"}],"replies":[{"embeddable":true,"href":"https:\/\/www.caririemacao.com\/1\/wp-json\/wp\/v2\/comments?post=116006"}],"version-history":[{"count":1,"href":"https:\/\/www.caririemacao.com\/1\/wp-json\/wp\/v2\/posts\/116006\/revisions"}],"predecessor-version":[{"id":116009,"href":"https:\/\/www.caririemacao.com\/1\/wp-json\/wp\/v2\/posts\/116006\/revisions\/116009"}],"wp:featuredmedia":[{"embeddable":true,"href":"https:\/\/www.caririemacao.com\/1\/wp-json\/wp\/v2\/media\/116008"}],"wp:attachment":[{"href":"https:\/\/www.caririemacao.com\/1\/wp-json\/wp\/v2\/media?parent=116006"}],"wp:term":[{"taxonomy":"category","embeddable":true,"href":"https:\/\/www.caririemacao.com\/1\/wp-json\/wp\/v2\/categories?post=116006"},{"taxonomy":"post_tag","embeddable":true,"href":"https:\/\/www.caririemacao.com\/1\/wp-json\/wp\/v2\/tags?post=116006"}],"curies":[{"name":"wp","href":"https:\/\/api.w.org\/{rel}","templated":true}]}}