{"id":116016,"date":"2019-09-13T07:09:41","date_gmt":"2019-09-13T10:09:41","guid":{"rendered":"http:\/\/www.caririemacao.com\/1\/?p=116016"},"modified":"2019-09-13T07:09:41","modified_gmt":"2019-09-13T10:09:41","slug":"patrulha-maria-da-penha-na-pb-atende-193-mulheres-em-menos-de-30-dias","status":"publish","type":"post","link":"https:\/\/www.caririemacao.com\/1\/2019\/09\/13\/patrulha-maria-da-penha-na-pb-atende-193-mulheres-em-menos-de-30-dias\/","title":{"rendered":"Patrulha Maria da Penha na PB atende 193 mulheres em menos de 30 dias"},"content":{"rendered":"\n<p>Em apenas um m\u00eas de funcionamento, o servi\u00e7o da Patrulha Maria da Penha da Para\u00edba (PMP-PB) atendeu 193 mulheres, dessse total 25 permanecem com prote\u00e7\u00e3o integral. A equipe multidisciplinar j\u00e1 realizou 374 atividades, entre visitas, triagens, atendimento social, jur\u00eddico e acionamentos de plant\u00e3o da equipe t\u00e9cnica. No total, 79 rotas indicadas pelas mulheres como \u00e1reas de risco s\u00e3o monitoradas sistematicamente. At\u00e9 agora, dois homens foram presos em flagrante por descumprimento de medida protetiva.<br><\/p>\n\n\n\n<p>A equipe da PMP realiza um trabalho ostensivo preventivo para acompanhar mulheres em situa\u00e7\u00e3o de viol\u00eancia dom\u00e9stica e familiar e de monitoramento do cumprimento das medidas protetivas de urg\u00eancia e medidas judiciais contra os agressores. Funciona com caracterizadas e unidade m\u00f3vel (\u00d4nibus Lil\u00e1s) para a\u00e7\u00f5es preventivas.&nbsp; O campo de atua\u00e7\u00e3o \u00e9 em 27 cidades da Para\u00edba, incluindo a regi\u00e3o metropolitana de Jo\u00e3o Pessoa, de segunda a segunda, em regime de plant\u00e3o.<br><\/p>\n\n\n\n<p>\u201cNeste curto per\u00edodo de trabalho, considero que os n\u00fameros j\u00e1 revelam a import\u00e2ncia do monitoramento e de prote\u00e7\u00e3o a 25 mulheres, al\u00e9m de duas pris\u00f5es efetuadas. Tamb\u00e9m fizemos articula\u00e7\u00f5es com os servi\u00e7os que comp\u00f5em a rede de enfrentamento a viol\u00eancia contra mulheres, incluindo o pr\u00f3prio p\u00fablico interno da Pol\u00edcia Militar, para garantir a efetividade na seguran\u00e7a das mulheres protegidas\u201d, explica a secret\u00e1ria executiva da Mulher e da Diversidade Humana, L\u00eddia Moura, que est\u00e1 na execu\u00e7\u00e3o do PMP.<\/p>\n\n\n\n<p>A coordenadora geral da PMP, M\u00f4nica Brand\u00e3o, avalia que as a\u00e7\u00f5es preventivas contribuem diretamente para que as mulheres venham a romper o ciclo da viol\u00eancia dom\u00e9stica e familiar. \u201cComo a viol\u00eancia dom\u00e9stica \u00e9 um fen\u00f4nemo e atinge todas as mulheres, acreditamos que o servi\u00e7o permamente ajuda as mulheres a quebrarem o ciclo de viol\u00eancia que pode levar a morte\u201d, alerta M\u00f4nica Brand\u00e3o.<\/p>\n\n\n\n<p>A\u00e7\u00f5es<br>Dentre as atividades, faz triagem,&nbsp; atendimento inicial, reconhecimento da \u00e1rea que a mulher aponta como risco \u00e0 sua integridade f\u00edsica e\/ou psicol\u00f3gica, realiza\u00e7\u00e3o de visitas peri\u00f3dicas, onde ser\u00e3o realizados todos os procedimentos e encaminhamentos para que a mulher fique em seguran\u00e7a, rotas de monitoramento dentro de um per\u00edmetro arbitrado pela Justi\u00e7a, a\u00e7\u00f5es educativas, encaminhamentos \u00e0 rede de servi\u00e7os, fomenta o fluxo de comunica\u00e7\u00e3o entre as mulheres assistidas, Delegacias da Mulher e Distritais e o Poder Judici\u00e1rio, entre outras. A Patrulha conta com Equipe Multiprofissional (Advogadas, Assistente Social e Psic\u00f3logas), al\u00e9m do efetivo da PM.<\/p>\n\n\n\n<p>Decreto<br>O Programa Integrado Patrulha Maria da Penha foi instituido por meio do Decreto n\u00b0 39.343, de 08 de agosto deste ano, por meio de um Termo de Coopera\u00e7\u00e3o T\u00e9cnica entre o Tribunal de Justi\u00e7a e Governo do Estado. As a\u00e7\u00f5es em conjunto s\u00e3o desenvolvidas pela Secretaria da Mulher e da Diversidade Humana em parceria com a Secretaria de Seguran\u00e7a e Defesa Social (Sesds), por meio da Pol\u00edcia Militar, Pol\u00edcia Civil, Coordena\u00e7\u00e3o das Delegacias Especializadas de Mulheres e o Tribunal de Justi\u00e7a da Para\u00edba (TJ-PB).<\/p>\n","protected":false},"excerpt":{"rendered":"<p>Em apenas um m\u00eas de funcionamento, o servi\u00e7o da Patrulha Maria da Penha da Para\u00edba (PMP-PB) atendeu 193 mulheres, dessse total 25 permanecem com prote\u00e7\u00e3o&hellip; <\/p>\n","protected":false},"author":1,"featured_media":24649,"comment_status":"closed","ping_status":"closed","sticky":false,"template":"","format":"standard","meta":{"sfsi_plus_gutenberg_text_before_share":"","sfsi_plus_gutenberg_show_text_before_share":"","sfsi_plus_gutenberg_icon_type":"","sfsi_plus_gutenberg_icon_alignemt":"","sfsi_plus_gutenburg_max_per_row":"","footnotes":""},"categories":[2],"tags":[],"class_list":["post-116016","post","type-post","status-publish","format-standard","has-post-thumbnail","hentry","category-geral"],"_links":{"self":[{"href":"https:\/\/www.caririemacao.com\/1\/wp-json\/wp\/v2\/posts\/116016","targetHints":{"allow":["GET"]}}],"collection":[{"href":"https:\/\/www.caririemacao.com\/1\/wp-json\/wp\/v2\/posts"}],"about":[{"href":"https:\/\/www.caririemacao.com\/1\/wp-json\/wp\/v2\/types\/post"}],"author":[{"embeddable":true,"href":"https:\/\/www.caririemacao.com\/1\/wp-json\/wp\/v2\/users\/1"}],"replies":[{"embeddable":true,"href":"https:\/\/www.caririemacao.com\/1\/wp-json\/wp\/v2\/comments?post=116016"}],"version-history":[{"count":1,"href":"https:\/\/www.caririemacao.com\/1\/wp-json\/wp\/v2\/posts\/116016\/revisions"}],"predecessor-version":[{"id":116020,"href":"https:\/\/www.caririemacao.com\/1\/wp-json\/wp\/v2\/posts\/116016\/revisions\/116020"}],"wp:featuredmedia":[{"embeddable":true,"href":"https:\/\/www.caririemacao.com\/1\/wp-json\/wp\/v2\/media\/24649"}],"wp:attachment":[{"href":"https:\/\/www.caririemacao.com\/1\/wp-json\/wp\/v2\/media?parent=116016"}],"wp:term":[{"taxonomy":"category","embeddable":true,"href":"https:\/\/www.caririemacao.com\/1\/wp-json\/wp\/v2\/categories?post=116016"},{"taxonomy":"post_tag","embeddable":true,"href":"https:\/\/www.caririemacao.com\/1\/wp-json\/wp\/v2\/tags?post=116016"}],"curies":[{"name":"wp","href":"https:\/\/api.w.org\/{rel}","templated":true}]}}