{"id":116029,"date":"2019-09-13T07:14:14","date_gmt":"2019-09-13T10:14:14","guid":{"rendered":"http:\/\/www.caririemacao.com\/1\/?p=116029"},"modified":"2019-09-13T07:14:14","modified_gmt":"2019-09-13T10:14:14","slug":"paraiba-confirma-tres-casos-de-sarampo-pacientes-sao-do-mesmo-municipio","status":"publish","type":"post","link":"https:\/\/www.caririemacao.com\/1\/2019\/09\/13\/paraiba-confirma-tres-casos-de-sarampo-pacientes-sao-do-mesmo-municipio\/","title":{"rendered":"Para\u00edba confirma tr\u00eas casos de sarampo. Pacientes s\u00e3o do mesmo munic\u00edpio"},"content":{"rendered":"\n<p>A Secretaria de Estado da Sa\u00fade (SES) confirmou, nesta quinta-feira (12), tr\u00eas casos positivos para sarampo na Para\u00edba. Os pacientes s\u00e3o residentes do munic\u00edpio de Jo\u00e3o Pessoa, com idade entre 24 e 41 anos e com hist\u00f3rico de viagens para os estados de S\u00e3o Paulo e Pernambuco.<\/p>\n\n\n\n<p>At\u00e9 a 36\u00aa Semana Epidemiol\u00f3gica, terminada em 7 de setembro, foram notificados 108 casos suspeitos de sarampo em 28 dos 223 munic\u00edpios.<\/p>\n\n\n\n<p>Al\u00e9m dos tr\u00eas j\u00e1 confirmados, 51 casos foram descartados, 26 tiveram resultado de sorologia (S1) reagente e\/ou indeterminada para sarampo pelo Lacen-PB e foram enviados ao Laborat\u00f3rio Fiocruz para retestagem e exames complementares e 28 casos seguem em investiga\u00e7\u00e3o.<\/p>\n\n\n\n<p>O sarampo \u00e9 uma doen\u00e7a infecciosa, transmiss\u00edvel e extremamente contagiosa, podendo evoluir com complica\u00e7\u00f5es e \u00f3bitos. De acordo com a gerente executiva de Vigil\u00e2ncia em Sa\u00fade, Talita Tavares, uma das estrat\u00e9gias adotadas pelo Minist\u00e9rio de Sa\u00fade (MS) \u00e9 a intensifica\u00e7\u00e3o das vacinas de rotina, conforme Calend\u00e1rio Nacional de Vacina\u00e7\u00e3o, sendo duas doses a partir de 12 meses a 29 anos de idade e uma dose para a popula\u00e7\u00e3o de 30 a 49 anos.<\/p>\n\n\n\n<p>At\u00e9 o momento, a Para\u00edba encontra-se com 86,91% de cobertura vacinal. Quanto \u00e0 homegeneidade de cobertura, dos 223 munic\u00edpios paraibanos, 123 (55,17%) apresentam coberturas vacinais adequadas, conforme recomenda\u00e7\u00e3o do Programa Nacional de Imuniza\u00e7\u00e3o (PNI).<\/p>\n\n\n\n<p>\u201cDessa forma, \u00e9 necess\u00e1rio alertar os gestores municipais para intensificarem a busca ativa na popula\u00e7\u00e3o e imunizar o maior n\u00famero de pessoas, atingindo a meta de 95% estabelecida pelo Minist\u00e9rio. Com os tr\u00eas casos confirmados, aumenta nossa responsabilidade em evitar que a doen\u00e7a se espalhe\u201d, pontua.<\/p>\n\n\n\n<p>Considerando que a vacina\u00e7\u00e3o \u00e9 a \u00fanica forma de prevenir a doen\u00e7a, a SES refor\u00e7a que o esquema vacinal vigente \u00e9 de duas doses de vacina com componente sarampo para pessoas de 12 meses at\u00e9 29 anos de idade.<\/p>\n\n\n\n<p>Uma dose da vacina tamb\u00e9m est\u00e1 indicada para pessoas de 30 a 49 anos. \u00c9 importante lembrar que a dose zero tamb\u00e9m est\u00e1 dispon\u00edvel para crian\u00e7as de seis meses a 11 meses e 29 dias.<\/p>\n\n\n\n<p>\u201cEssa dose n\u00e3o ser\u00e1 considerada v\u00e1lida para fins do Calend\u00e1rio Nacional de Vacina\u00e7\u00e3o, devendo ser agendada a partir dos 12 meses com a vacina tr\u00edplice viral e aos 15 meses com a vacina tetraviral ou tr\u00edplice viral mais varicela, respeitando-se o intervalo de 30 dias entre as doses. \u00c9 importante lembrar que quem j\u00e1 tomou duas doses durante a vida n\u00e3o precisa mais receber a vacina. Se n\u00e3o h\u00e1 comprova\u00e7\u00e3o de vacina\u00e7\u00e3o nas faixas indicadas, h\u00e1 necessidade de adultos receberem a vacina. A caderneta de vacina\u00e7\u00e3o \u00e9 um documento pessoal muito importante e deve ser guardada por toda a vida\u201d, explica Talita.<\/p>\n\n\n\n<p>No dia 9 de setembro, a SES aprovou em Resolu\u00e7\u00e3o CIB incentivo financeiro para que munic\u00edpios com popula\u00e7\u00e3o abaixo de 100 mil habitantes possam implementar, durante o per\u00edodo de campanha contra o sarampo, a\u00e7\u00f5es que gerem melhor resultados de cobertura vacinal. Para tanto, os gestores dever\u00e3o aderir (atrav\u00e9s de um termo) ao repasse financeiro que ser\u00e1 transferido do Fundo de Sa\u00fade Estadual para o Fundo de Sa\u00fade Municipal daqueles que realizarem ades\u00e3o.<\/p>\n\n\n\n<p>A Secretaria recomenda que todo paciente que apresentar febre e manchas vermelhas no corpo, acompanhadas de tosse e\/ou coriza e\/ou conjuntivite, independente da idade e da situa\u00e7\u00e3o vacinal, procure uma unidade de sa\u00fade para a notifica\u00e7\u00e3o e tratamento imediato.<\/p>\n\n\n\n<p>\u201cTodos os casos suspeitos de sarampo devem ser notificados e comunicados \u00e0 SES. Para facilitar, disponibilizamos um canal gratuito para liga\u00e7\u00f5es por meio do Centro de Informa\u00e7\u00f5es Estrat\u00e9gicas em Vigil\u00e2ncia em Sa\u00fade (Cievs). De segunda a sexta-feira, das 8h \u00e0s 16h30, o contato pode ser feito gratuitamente pelo 0800 281 0023\u201d, refor\u00e7a a gerente executiva.<\/p>\n","protected":false},"excerpt":{"rendered":"<p>A Secretaria de Estado da Sa\u00fade (SES) confirmou, nesta quinta-feira (12), tr\u00eas casos positivos para sarampo na Para\u00edba. Os pacientes s\u00e3o residentes do munic\u00edpio de&hellip; <\/p>\n","protected":false},"author":1,"featured_media":113771,"comment_status":"closed","ping_status":"closed","sticky":false,"template":"","format":"standard","meta":{"sfsi_plus_gutenberg_text_before_share":"","sfsi_plus_gutenberg_show_text_before_share":"","sfsi_plus_gutenberg_icon_type":"","sfsi_plus_gutenberg_icon_alignemt":"","sfsi_plus_gutenburg_max_per_row":"","footnotes":""},"categories":[16],"tags":[],"class_list":["post-116029","post","type-post","status-publish","format-standard","has-post-thumbnail","hentry","category-saude"],"_links":{"self":[{"href":"https:\/\/www.caririemacao.com\/1\/wp-json\/wp\/v2\/posts\/116029","targetHints":{"allow":["GET"]}}],"collection":[{"href":"https:\/\/www.caririemacao.com\/1\/wp-json\/wp\/v2\/posts"}],"about":[{"href":"https:\/\/www.caririemacao.com\/1\/wp-json\/wp\/v2\/types\/post"}],"author":[{"embeddable":true,"href":"https:\/\/www.caririemacao.com\/1\/wp-json\/wp\/v2\/users\/1"}],"replies":[{"embeddable":true,"href":"https:\/\/www.caririemacao.com\/1\/wp-json\/wp\/v2\/comments?post=116029"}],"version-history":[{"count":1,"href":"https:\/\/www.caririemacao.com\/1\/wp-json\/wp\/v2\/posts\/116029\/revisions"}],"predecessor-version":[{"id":116031,"href":"https:\/\/www.caririemacao.com\/1\/wp-json\/wp\/v2\/posts\/116029\/revisions\/116031"}],"wp:featuredmedia":[{"embeddable":true,"href":"https:\/\/www.caririemacao.com\/1\/wp-json\/wp\/v2\/media\/113771"}],"wp:attachment":[{"href":"https:\/\/www.caririemacao.com\/1\/wp-json\/wp\/v2\/media?parent=116029"}],"wp:term":[{"taxonomy":"category","embeddable":true,"href":"https:\/\/www.caririemacao.com\/1\/wp-json\/wp\/v2\/categories?post=116029"},{"taxonomy":"post_tag","embeddable":true,"href":"https:\/\/www.caririemacao.com\/1\/wp-json\/wp\/v2\/tags?post=116029"}],"curies":[{"name":"wp","href":"https:\/\/api.w.org\/{rel}","templated":true}]}}