{"id":116042,"date":"2019-09-13T07:48:10","date_gmt":"2019-09-13T10:48:10","guid":{"rendered":"http:\/\/www.caririemacao.com\/1\/?p=116042"},"modified":"2019-09-13T07:48:10","modified_gmt":"2019-09-13T10:48:10","slug":"dispositivos-digitais-abrem-novas-possibilidades-na-saude","status":"publish","type":"post","link":"https:\/\/www.caririemacao.com\/1\/2019\/09\/13\/dispositivos-digitais-abrem-novas-possibilidades-na-saude\/","title":{"rendered":"Dispositivos digitais abrem novas possibilidades na sa\u00fade"},"content":{"rendered":"\n<p>Durante 16 meses, um sistema vai monitorar a quantidade de oxig\u00eanio ministrada a pacientes de enfisema pulmonar. Com a inser\u00e7\u00e3o dos sensores, os dados sobre o volume de oxig\u00eanio ser\u00e3o transmitidos a uma base de dados. Profissionais de sa\u00fade poder\u00e3o monitorar a situa\u00e7\u00e3o dos pacientes, verificando se h\u00e1 falta ou superdosagem de g\u00e1s. Para os pacientes em cuidado domiciliar, a tecnologia tamb\u00e9m vai informar a necessidade de troca dos cilindros de oxig\u00eanio.<\/p>\n\n\n\n<p>Ap\u00f3s o teste, os pesquisadores devem fazer uma avalia\u00e7\u00e3o da efic\u00e1cia do sistema, das possibilidades de fabrica\u00e7\u00e3o e da viabilidade econ\u00f4mica de um eventual lan\u00e7amento do produto no mercado. Os pesquisadores cogitam tamb\u00e9m outras aplica\u00e7\u00f5es como o controle de outros gases ou fluidos. O projeto ser\u00e1 conduzido pelo centro de pesquisa CESAR, com sede em Recife em parceria com a Startup Salvus e com financiamento do Banco Nacional de Desenvolvimento Econ\u00f4mico e Social (BNDES).<\/p>\n\n\n\n<p>Este \u00e9 um dos exemplos de iniciativas que surge no pa\u00eds com o emprego de tecnologias digitais que v\u00eam sendo chamadas de&nbsp;<a href=\"http:\/\/agenciabrasil.ebc.com.br\/geral\/noticia\/2019-09\/internet-das-coisas-saiba-como-essa-tecnologia-pode-afetar-sua-vida\" target=\"_blank\" rel=\"noreferrer noopener\">Internet das Coisas<\/a>&nbsp;(IdC ou&nbsp;<em>IoT<\/em>, sigla em ingl\u00eas). Assim como nos centros urbanos e&nbsp;<a href=\"http:\/\/agenciabrasil.ebc.com.br\/geral\/noticia\/2019-09\/novas-tecnologias-digitais-auxiliam-producao-no-campo\" target=\"_blank\" rel=\"noreferrer noopener\">no campo<\/a>, a tecnologia vem&nbsp;<a href=\"http:\/\/agenciabrasil.ebc.com.br\/geral\/noticia\/2019-09\/autoridades-publicas-comecam-regular-internet-das-coisas\" target=\"_blank\" rel=\"noreferrer noopener\">provocando mudan\u00e7as<\/a>&nbsp;nas formas de preven\u00e7\u00e3o e tratamento de doen\u00e7as, bem como na promo\u00e7\u00e3o da&nbsp;<a href=\"http:\/\/agenciabrasil.ebc.com.br\/geral\/noticia\/2019-09\/aumento-do-monitoramento-traz-debate-sobre-modernizacao-e-privacidade\" target=\"_blank\" rel=\"noreferrer noopener\">seguran\u00e7a<\/a>&nbsp;e qualidade de vida.<\/p>\n\n\n\n<p>Segundo&nbsp;<a href=\"https:\/\/www.bndes.gov.br\/wps\/wcm\/connect\/site\/9e481a5b-a851-4895-ba7f-aa960f0b69a6\/relatorio-aprofundamento-das-verticais-saude-produto-7B.pdf?MOD=AJPERES&amp;CVID=m3mTltg\" target=\"_blank\" rel=\"noreferrer noopener\">estudo do Banco Nacional de Desenvolvimento Econ\u00f4mico e Social<\/a>&nbsp;(BNDES), as aplica\u00e7\u00f5es de IdC podem contribuir para responder a diversos desafios relacionados \u00e0 \u00e1rea, da aten\u00e7\u00e3o b\u00e1sica \u00e0 alta complexidade.<\/p>\n\n\n\n<p>No combate a doen\u00e7as cr\u00f4nicas e infectocontagiosas, esses equipamentos podem ser empregados para o monitoramento remoto de pacientes, aux\u00edlio \u00e0 identifica\u00e7\u00e3o e controle de epidemias e diagn\u00f3sticos descentralizados. Neste \u00faltimo exemplo, inova\u00e7\u00f5es viabilizam a realiza\u00e7\u00e3o de exames sem a necessidade de enviar amostras para laborat\u00f3rios, permitindo maior agilidade em decis\u00f5es do tratamento, especialmente em locais remotos.<\/p>\n\n\n\n<p>Na promo\u00e7\u00e3o da qualidade de vida, o relat\u00f3rio lista solu\u00e7\u00f5es j\u00e1 em implanta\u00e7\u00e3o no mercado, como monitoramento do condicionamento por meio de aparelhos como pulseiras, rel\u00f3gios e lentes de contato. Para assist\u00eancia a pessoas mais velhas, pequenos sensores podem alertar quem faz o monitoramento em caso de queda.<\/p>\n\n\n\n<p>No que o texto chama de efici\u00eancia de gest\u00e3o, projetos de IdC podem realizar manuten\u00e7\u00e3o preditiva, identificando o desenvolvimento de um equipamento e adiantando-se no encaminhamento de reparos ou de reposi\u00e7\u00e3o de insumos com anteced\u00eancia evitando descontinuidade. Com isso, \u00e9 poss\u00edvel, por exemplo, uma gest\u00e3o mais eficiente de medicamentos, diminuindo desperd\u00edcios.<\/p>\n\n\n\n<p>Um sistema denominado \u201cgeladeira inteligente de vacinas\u201d (<em>vaccine smart fridge<\/em>), de uma empresa nos Estados Unidos, possibilita o acompanhamento em tempo real da temperatura, o que contribui para evitar dano \u00e0s doses. Al\u00e9m disso, com a tecnologia, o controle do estoque pode ser realizado em tempo real em qualquer lugar do mundo, facilitando a gest\u00e3o das doses.<\/p>\n\n\n\n<h2 class=\"wp-block-heading\">Monitorando pacientes e trabalhadores<\/h2>\n\n\n\n<p>A empresa brasileira Carenet \u00e9 uma das firmas ofertando servi\u00e7os de IdC na \u00e1rea de sa\u00fade. Ela trabalha em diversas atividades relacionadas ao tema. Segundo o diretor da firma, Fernando Paiva, o sistema integra todo tipo de dado vital do paciente em uma Unidade de Tratamento Intensivo (UTI), analisa as condi\u00e7\u00f5es da pessoa monitorada e gera alertas aos profissionais envolvidos na assist\u00eancia.<\/p>\n\n\n\n<p>\u201cTemos bomba de nutri\u00e7\u00e3o, ventilador, cama, v\u00e1rios equipamentos emitindo dados. Isso vai para a plataforma, \u00e9 transformado em painel e essas informa\u00e7\u00f5es ficam disponibilizadas em tempo real. Em cada tipo de patologia ou problema, uma febre que subiu, altera\u00e7\u00e3o nos batimentos card\u00edacos, \u00e9 gerado alerta autom\u00e1tico por WhatsApp para o m\u00e9dico ou enfermeiro\u201d, relata.<\/p>\n\n\n\n<p>Uma das vantagens \u00e9 evitar o risco de erro humano na coleta dos dados, o que pode induzir a diagn\u00f3sticos errados. Outra \u00e9 a aplica\u00e7\u00e3o de intelig\u00eancia artificial para cruzamento de dados e an\u00e1lises preditivas, que auxiliam na formula\u00e7\u00e3o de diagn\u00f3sticos ou acompanhamento da evolu\u00e7\u00e3o do quadro de sa\u00fade. Paiva acrescenta que a tecnologia tamb\u00e9m facilita a rastreabilidade, registrando n\u00e3o apenas dados do paciente, mas tamb\u00e9m das opera\u00e7\u00f5es dos profissionais.<\/p>\n\n\n\n<p>Uma das solu\u00e7\u00f5es vendidas pela empresa \u00e9 o monitoramento \u00e0 dist\u00e2ncia de motoristas de ve\u00edculos. Por meio de equipamentos que captam ondas cerebrais \u00e9 poss\u00edvel verificar altera\u00e7\u00f5es da condi\u00e7\u00e3o do indiv\u00edduo, como sonol\u00eancia ou at\u00e9 mesmo o uso de subst\u00e2ncias entorpecentes.<\/p>\n\n\n\n<p>\u201cTem alguns metaizinhos impercept\u00edveis dentro de um bon\u00e9. Voc\u00ea faz an\u00e1lise do que est\u00e1 acontecendo no comportamento cerebral. Sei se a pessoa est\u00e1 entrando em est\u00e1gio de sono, se ela usou droga, se ela usou subst\u00e2ncia que faz com que padr\u00e3o seja alterado. Com o produto posso medir ritmo card\u00edaco\u201d, relata o diretor da empresa. O servi\u00e7o j\u00e1 est\u00e1 sendo disponibilizado a empresas da Espanha.<\/p>\n\n\n\n<p>Este tipo de servi\u00e7o de controle dos trabalhadores \u00e0 dist\u00e2ncia tamb\u00e9m est\u00e1 sendo utilizado por clubes de futebol para monitorar os corpos de seus jogadores. \u201cO sujeito [atleta] vale R$ 2 milh\u00f5es. Quando ele vai pra casa ningu\u00e9m sabe o que acontece com ele mais. O time quer acompanhar o que est\u00e1 ocorrendo com o corpo durante seis horas por dia. E sabe que hor\u00e1rio este cara abusa mais do corpo dele\u201d, diz Paiva.<\/p>\n\n\n\n<h2 class=\"wp-block-heading\">Dados sens\u00edveis<\/h2>\n\n\n\n<p>O advogado e autor de livros sobre o tema Eduardo Magrani disse&nbsp;que na sa\u00fade, os dados sendo coletados e compartilhados s\u00e3o considerados sens\u00edveis pela Lei Geral de Prote\u00e7\u00e3o de Dados (LGPD), aprovada em 2018 e com entrada em vigor prevista para agosto de 2020. As informa\u00e7\u00f5es sobre a sa\u00fade de uma pessoa s\u00e3o enquadradas nesta categoria e seu tratamento passar\u00e1 a obedecer a regras diferentes dos demais registros. Conforme a LGPD, o processamento de dados do paciente s\u00f3 ocorrer\u00e1 se o usu\u00e1rio consentir de forma espec\u00edfica e destacada para as finalidades preestabelecidas. Sem essa autoriza\u00e7\u00e3o, ainda assim, \u00e9 permitido o tratamento para tutela de sa\u00fade.<\/p>\n\n\n\n<p>Uma altera\u00e7\u00e3o na lei aprovada neste ano permitiu a \u201ccomunica\u00e7\u00e3o ou uso compartilhado de dados pessoais referentes \u00e0 sa\u00fade com o objetivo de obter vantagem econ\u00f4mica\u201d no caso da presta\u00e7\u00e3o de servi\u00e7os de sa\u00fade e assist\u00eancia farmac\u00eautica. A nova lei s\u00f3 vedou o tratamento por operadoras de planos de sa\u00fade para a \u201cpr\u00e1tica de sele\u00e7\u00e3o de riscos na contrata\u00e7\u00e3o de qualquer modalidade\u201d.<\/p>\n\n\n\n<p>Magrani defende um cuidado especial com essas informa\u00e7\u00f5es. \u201cMuitas cl\u00ednicas e hospitais n\u00e3o d\u00e3o a devida aten\u00e7\u00e3o a esses dados, que podem ser usados para manipular cidad\u00e3o e influenciar o custo do plano de sa\u00fade\u201d, disse. Para o advogado, n\u00e3o apenas a prote\u00e7\u00e3o de dados &#8211; como o respeito a preceitos \u00e9ticos &#8211; precisam estar presentes desde o desenvolvimento dessas tecnologias, o que se aplica tamb\u00e9m aos dispositivos utilizados em solu\u00e7\u00f5es para sa\u00fade.<\/p>\n\n\n\n<h2 class=\"wp-block-heading\">Roupas ou acess\u00f3rios&nbsp;<\/h2>\n\n\n\n<p>O centro de pesquisa Instituto Igarap\u00e9 tamb\u00e9m advoga por esses crit\u00e9rios, que chama de \u201cprivacidade e seguran\u00e7a por concep\u00e7\u00e3o\u201d. A elabora\u00e7\u00e3o de aparelhos e aplica\u00e7\u00f5es, como os sensores e vest\u00edveis (roupas ou acess\u00f3rios que podem ser conectados \u00e0 internet) deveriam reduzir ao m\u00e1ximo a coleta de dados e garantir a seguran\u00e7a necess\u00e1ria para evitar qualquer tipo de acesso indevido aos dados coletados.<\/p>\n\n\n\n<p>Para o m\u00e9dico e pesquisador em sa\u00fade coletiva Giliate Coelho Neto, com a amplia\u00e7\u00e3o massiva de dados de sa\u00fade coletados e tratados, h\u00e1 um risco de abusos por operadoras em raz\u00e3o de flexibilidade dada pela LGPD e se n\u00e3o houver fiscaliza\u00e7\u00e3o para impedir que informa\u00e7\u00f5es sens\u00edveis como estas sejam utilizadas para prejudicar pacientes.<\/p>\n\n\n\n<p>\u201cN\u00e3o existe um controle r\u00edgido deste compartilhamento de dados entre empresas ou mesmo dentro de um mesmo conglomerado, como j\u00e1 h\u00e1 no Brasil quem ofere\u00e7a plano e seguro de sa\u00fade. Se voc\u00ea sabe que paciente j\u00e1 fez duas cirurgias e a press\u00e3o [arterial] vem dando alta, a empresa pode negar um seguro de vida. J\u00e1 h\u00e1 ind\u00edcios de que isso vem ocorrendo\u201d, aponta Neto. Ele considera que para evitar problemas seria adequada a aprova\u00e7\u00e3o de uma regulamenta\u00e7\u00e3o espec\u00edfica.<\/p>\n","protected":false},"excerpt":{"rendered":"<p>Durante 16 meses, um sistema vai monitorar a quantidade de oxig\u00eanio ministrada a pacientes de enfisema pulmonar. Com a inser\u00e7\u00e3o dos sensores, os dados sobre&hellip; <\/p>\n","protected":false},"author":1,"featured_media":47415,"comment_status":"closed","ping_status":"closed","sticky":false,"template":"","format":"standard","meta":{"sfsi_plus_gutenberg_text_before_share":"","sfsi_plus_gutenberg_show_text_before_share":"","sfsi_plus_gutenberg_icon_type":"","sfsi_plus_gutenberg_icon_alignemt":"","sfsi_plus_gutenburg_max_per_row":"","footnotes":""},"categories":[2],"tags":[],"class_list":["post-116042","post","type-post","status-publish","format-standard","has-post-thumbnail","hentry","category-geral"],"_links":{"self":[{"href":"https:\/\/www.caririemacao.com\/1\/wp-json\/wp\/v2\/posts\/116042","targetHints":{"allow":["GET"]}}],"collection":[{"href":"https:\/\/www.caririemacao.com\/1\/wp-json\/wp\/v2\/posts"}],"about":[{"href":"https:\/\/www.caririemacao.com\/1\/wp-json\/wp\/v2\/types\/post"}],"author":[{"embeddable":true,"href":"https:\/\/www.caririemacao.com\/1\/wp-json\/wp\/v2\/users\/1"}],"replies":[{"embeddable":true,"href":"https:\/\/www.caririemacao.com\/1\/wp-json\/wp\/v2\/comments?post=116042"}],"version-history":[{"count":1,"href":"https:\/\/www.caririemacao.com\/1\/wp-json\/wp\/v2\/posts\/116042\/revisions"}],"predecessor-version":[{"id":116043,"href":"https:\/\/www.caririemacao.com\/1\/wp-json\/wp\/v2\/posts\/116042\/revisions\/116043"}],"wp:featuredmedia":[{"embeddable":true,"href":"https:\/\/www.caririemacao.com\/1\/wp-json\/wp\/v2\/media\/47415"}],"wp:attachment":[{"href":"https:\/\/www.caririemacao.com\/1\/wp-json\/wp\/v2\/media?parent=116042"}],"wp:term":[{"taxonomy":"category","embeddable":true,"href":"https:\/\/www.caririemacao.com\/1\/wp-json\/wp\/v2\/categories?post=116042"},{"taxonomy":"post_tag","embeddable":true,"href":"https:\/\/www.caririemacao.com\/1\/wp-json\/wp\/v2\/tags?post=116042"}],"curies":[{"name":"wp","href":"https:\/\/api.w.org\/{rel}","templated":true}]}}