{"id":116096,"date":"2019-09-13T12:56:35","date_gmt":"2019-09-13T15:56:35","guid":{"rendered":"http:\/\/www.caririemacao.com\/1\/?p=116096"},"modified":"2019-09-13T12:56:35","modified_gmt":"2019-09-13T15:56:35","slug":"prefeito-do-congo-investe-menos-do-que-o-minimo-em-educacao-diz-relator-do-tce","status":"publish","type":"post","link":"https:\/\/www.caririemacao.com\/1\/2019\/09\/13\/prefeito-do-congo-investe-menos-do-que-o-minimo-em-educacao-diz-relator-do-tce\/","title":{"rendered":"Prefeito do Congo investe menos do que o m\u00ednimo em educa\u00e7\u00e3o, diz relator do TCE"},"content":{"rendered":"\n<p>No acompanhamento de indicadores feito pelo Tribunal de Contas do Estado da Para\u00edba baseados em dados enviado pela Prefeitura de Congo, o TCE alerta ao prefeito J\u00fanior Quirino de que o gasto em Educa\u00e7\u00e3o \u00e9 menor do que o esperado para o per\u00edodo analisado (janeiro \u00e0 junho de 2019).<\/p>\n\n\n\n<p>De acordo com o Relat\u00f3rio\/Achado processado eletronicamente\ne automaticamente com Base nos dados enviados pelo GESTOR via SAGRES CAPTURA \u2013\nVers\u00e3o CT 01.00 2019, as aplica\u00e7\u00f5es de recursos na MDE, efetivamente empenhadas\npelo munic\u00edpio at\u00e9 junho de 2019, foram da ordem de 23,42% da receita de\nimpostos, inclusive os transferidos.<\/p>\n\n\n\n<p>Conforme o documento referente apenas \u00e0 Administra\u00e7\u00e3o\nmunicipal direta, a aplica\u00e7\u00e3o de recursos pr\u00f3prios em ensino est\u00e1 com\n\u201cpercentual de aplica\u00e7\u00e3o desfavor\u00e1vel ao atendimento do disposto no artigo 212\nda CF (Constitui\u00e7\u00e3o Federal). \u201cCaso essa tend\u00eancia seja mantida, o munic\u00edpio\nn\u00e3o atender\u00e1, ao fim do exerc\u00edcio, ao limite m\u00ednimo de 25% estabelecido no art.\n212 da CF\u201d, relatou Conselheiro Substituto Renato S\u00e9rgio Santiago Melo.<\/p>\n\n\n\n<p>Em rela\u00e7\u00e3o a aplica\u00e7\u00e3o m\u00ednima de recursos do MDE, o prefeito\nJ\u00fanior poder\u00e1 ser punido por improbidade administrativa por realizar no\nmunic\u00edpio uma pol\u00edtica de educa\u00e7\u00e3o decrescente, j\u00e1 que a aplica\u00e7\u00e3o, em termo\npercentuais, vem diminu\u00eddo a cada ano (per\u00edodo de janeiro \u00e0 junho de cada ano).\nS\u00f3 para ter uma no\u00e7\u00e3o da irresponsabilidade da gest\u00e3o, em janeiro \u00e0 junho de\n2017, foi aplicado 28,98%, e neste ano, uma queda de quase 6%.&nbsp; <\/p>\n\n\n\n<p>O mesmo alerta de percentual desfavor\u00e1vel de investimento\ntamb\u00e9m \u00e9 dado para o baixa arrecada\u00e7\u00e3o de impostos (IPTU e IRRF), realiza\u00e7\u00e3o de\nDespesas de Capital em montante inferior ao da Receita de Capital indicada,\nviolando-se o disposto no art. 167, inc. II, CF, c\/c o art. 44 da LRF, e pela\nbaixa realiza\u00e7\u00e3o de investimentos.<\/p>\n\n\n\n<p>O relat\u00f3rio tamb\u00e9m traz informa\u00e7\u00f5es que os investimentos em\neduca\u00e7\u00e3o atrav\u00e9s do FUNDEB tamb\u00e9m tem diminu\u00eddo, baixando de 65,21% em 2017\npara 60,39% em 2019, levando em considera\u00e7\u00e3o o per\u00edodo de janeiro a junho de\ncada ano.<\/p>\n\n\n\n<p><strong><a href=\"http:\/\/www.caririemacao.com\/1\/wp-content\/uploads\/2019\/09\/doc_62388_19_acomp._de_indicadores_selecionados_jan_a_jun.pdf\">ACESSE O RELAT\u00d3RIO E TIRE SUAS D\u00daVIDAS. CLIQUE AQUI.<\/a><\/strong> <\/p>\n","protected":false},"excerpt":{"rendered":"<p>No acompanhamento de indicadores feito pelo Tribunal de Contas do Estado da Para\u00edba baseados em dados enviado pela Prefeitura de Congo, o TCE alerta ao&hellip; <\/p>\n","protected":false},"author":2,"featured_media":116097,"comment_status":"closed","ping_status":"closed","sticky":false,"template":"","format":"standard","meta":{"sfsi_plus_gutenberg_text_before_share":"","sfsi_plus_gutenberg_show_text_before_share":"","sfsi_plus_gutenberg_icon_type":"","sfsi_plus_gutenberg_icon_alignemt":"","sfsi_plus_gutenburg_max_per_row":"","footnotes":""},"categories":[50,11],"tags":[],"class_list":["post-116096","post","type-post","status-publish","format-standard","has-post-thumbnail","hentry","category-destaque","category-politica"],"_links":{"self":[{"href":"https:\/\/www.caririemacao.com\/1\/wp-json\/wp\/v2\/posts\/116096","targetHints":{"allow":["GET"]}}],"collection":[{"href":"https:\/\/www.caririemacao.com\/1\/wp-json\/wp\/v2\/posts"}],"about":[{"href":"https:\/\/www.caririemacao.com\/1\/wp-json\/wp\/v2\/types\/post"}],"author":[{"embeddable":true,"href":"https:\/\/www.caririemacao.com\/1\/wp-json\/wp\/v2\/users\/2"}],"replies":[{"embeddable":true,"href":"https:\/\/www.caririemacao.com\/1\/wp-json\/wp\/v2\/comments?post=116096"}],"version-history":[{"count":1,"href":"https:\/\/www.caririemacao.com\/1\/wp-json\/wp\/v2\/posts\/116096\/revisions"}],"predecessor-version":[{"id":116098,"href":"https:\/\/www.caririemacao.com\/1\/wp-json\/wp\/v2\/posts\/116096\/revisions\/116098"}],"wp:featuredmedia":[{"embeddable":true,"href":"https:\/\/www.caririemacao.com\/1\/wp-json\/wp\/v2\/media\/116097"}],"wp:attachment":[{"href":"https:\/\/www.caririemacao.com\/1\/wp-json\/wp\/v2\/media?parent=116096"}],"wp:term":[{"taxonomy":"category","embeddable":true,"href":"https:\/\/www.caririemacao.com\/1\/wp-json\/wp\/v2\/categories?post=116096"},{"taxonomy":"post_tag","embeddable":true,"href":"https:\/\/www.caririemacao.com\/1\/wp-json\/wp\/v2\/tags?post=116096"}],"curies":[{"name":"wp","href":"https:\/\/api.w.org\/{rel}","templated":true}]}}