{"id":116115,"date":"2019-09-13T13:43:44","date_gmt":"2019-09-13T16:43:44","guid":{"rendered":"http:\/\/www.caririemacao.com\/1\/?p=116115"},"modified":"2019-09-13T13:43:44","modified_gmt":"2019-09-13T16:43:44","slug":"medicos-retiram-sonda-de-bolsonaro-e-voltam-com-alimentacao-liquida","status":"publish","type":"post","link":"https:\/\/www.caririemacao.com\/1\/2019\/09\/13\/medicos-retiram-sonda-de-bolsonaro-e-voltam-com-alimentacao-liquida\/","title":{"rendered":"M\u00e9dicos retiram sonda de Bolsonaro e voltam com alimenta\u00e7\u00e3o l\u00edquida"},"content":{"rendered":"\n<p>&nbsp;Os m\u00e9dicos retiraram a sonda nasog\u00e1strica do presidente Jair Bolsonaro (PSL), que apresenta evolu\u00e7\u00e3o positiva em sua recupera\u00e7\u00e3o, segundo boletim m\u00e9dico divulgado nesta sexta-feira (13).<\/p>\n\n\n\n<p>A sonda, que ficava conectada ao nariz do paciente e ia at\u00e9 o est\u00f4mago, foi colocada na ter\u00e7a-feira (10) e removida nesta sexta. O tubo tinha a fun\u00e7\u00e3o de ajudar na sa\u00edda da grande quantidade de ar que se acumulou no est\u00f4mago e no intestino do presidente.<br>Bolsonaro voltou a receber a dieta l\u00edquida (ch\u00e1, gelatina, caldo ralo), que havia sido suspensa tamb\u00e9m na ter\u00e7a (10) e substitu\u00edda pela nutri\u00e7\u00e3o parenteral endovenosa (pelas veias). Por enquanto, contudo, ser\u00e3o mantidas as duas formas de alimenta\u00e7\u00e3o.<\/p>\n\n\n\n<p>O presidente est\u00e1 internado no Hospital Vila Nova Star, na regi\u00e3o sul de S\u00e3o Paulo, onde foi submetido no domingo (8) \u00e0 quarta cirurgia desde que sofreu uma facada durante um ato de campanha em setembro de 2018.&nbsp;<\/p>\n\n\n\n<p>As visitas continuam restritas e n\u00e3o h\u00e1 previs\u00e3o de alta at\u00e9 o momento, de acordo com o porta-voz da Presid\u00eancia, general Ot\u00e1vio do R\u00eago Barros.<\/p>\n\n\n\n<p>Segundo o m\u00e9dico Antonio Macedo, que cuida do presidente, a estimativa \u00e9 que ele seja liberado &#8220;em tr\u00eas a quatro dias&#8221;, mas o prazo pode variar de acordo com o quadro cl\u00ednico.<\/p>\n\n\n\n<p>Bolsonaro ficar\u00e1 fora do cargo mais tempo do que previa, atendendo a orienta\u00e7\u00f5es m\u00e9dicas. A previs\u00e3o inicial era que ele reassumisse a cadeira nesta sexta-feira (13), mas a equipe sugeriu per\u00edodo mais longo de descanso. O vice-presidente Hamilton Mour\u00e3o (PRTB) ocupa o posto at\u00e9 ter\u00e7a-feira (17).<\/p>\n\n\n\n<p>Na tentativa de mostrar que est\u00e1 bem de sa\u00fade, Bolsonaro fez na noite desta quinta-feira (12) uma live para as redes sociais do quarto do hospital onde est\u00e1 internado.<\/p>\n\n\n\n<p>Usando roupa hospitalar e a sonda nasog\u00e1strica, ele demonstrou sinais de cansa\u00e7o na voz e anunciou que, por recomenda\u00e7\u00e3o m\u00e9dica, falaria pouco. Na transmiss\u00e3o online, que durou cerca de tr\u00eas minutos, o presidente enumerou o que classificou como &#8220;coisas boas para informar ao Brasil&#8221;.<\/p>\n\n\n\n<p>Segundo a Presid\u00eancia, Bolsonaro estar\u00e1 restabelecido a tempo de discursar na Assembleia Geral da ONU, em 24 de setembro, em Nova York.<\/p>\n\n\n\n<p>Na cirurgia do fim de semana, os m\u00e9dicos do Vila Nova Star corrigiram uma h\u00e9rnia que surgiu na regi\u00e3o do abd\u00f4men em decorr\u00eancia das m\u00faltiplas incis\u00f5es feitas no local nos \u00faltimos meses. A opera\u00e7\u00e3o durou cinco horas e foi considerada bem-sucedida.<\/p>\n\n\n\n<p>No \u00faltimo domingo, os m\u00e9dicos corrigiram uma h\u00e9rnia que surgiu na regi\u00e3o do abd\u00f4men em decorr\u00eancia das m\u00faltiplas incis\u00f5es feitas no local nos \u00faltimos meses. A opera\u00e7\u00e3o durou cinco horas e foi considerada bem-sucedida.<\/p>\n\n\n\n<p>Logo ap\u00f3s a cirurgia, Bolsonaro vestiu uma cinta el\u00e1stica para pressionar o abd\u00f4men operado e ajudar no processo de recupera\u00e7\u00e3o.&nbsp;<\/p>\n\n\n\n<p>O surgimento da chamada h\u00e9rnia incisional j\u00e1 era esperado pelos m\u00e9dicos que atendem o presidente, em raz\u00e3o da s\u00e9rie de interven\u00e7\u00f5es feitas na regi\u00e3o da barriga do paciente para tratar os danos provocados pelo ataque.<\/p>\n\n\n\n<p>O ent\u00e3o presidenci\u00e1vel foi esfaqueado por Ad\u00e9lio Bispo de Oliveira em 6 de setembro de 2018. O autor do crime est\u00e1 preso desde ent\u00e3o.<\/p>\n\n\n\n<p>A h\u00e9rnia ocorreu porque, em virtude do enfraquecimento da parede muscular do abd\u00f4men, uma parte do intestino passou por uma cavidade desse tecido. As sucessivas incis\u00f5es (cortes) na barriga fragilizaram o m\u00fasculo, o que fez com que a por\u00e7\u00e3o do \u00f3rg\u00e3o e uma camada de gordura rompessem a membrana, criando uma sali\u00eancia sob a pele.<\/p>\n","protected":false},"excerpt":{"rendered":"<p>&nbsp;Os m\u00e9dicos retiraram a sonda nasog\u00e1strica do presidente Jair Bolsonaro (PSL), que apresenta evolu\u00e7\u00e3o positiva em sua recupera\u00e7\u00e3o, segundo boletim m\u00e9dico divulgado nesta sexta-feira (13).&hellip; <\/p>\n","protected":false},"author":1,"featured_media":110902,"comment_status":"closed","ping_status":"closed","sticky":false,"template":"","format":"standard","meta":{"sfsi_plus_gutenberg_text_before_share":"","sfsi_plus_gutenberg_show_text_before_share":"","sfsi_plus_gutenberg_icon_type":"","sfsi_plus_gutenberg_icon_alignemt":"","sfsi_plus_gutenburg_max_per_row":"","footnotes":""},"categories":[2],"tags":[],"class_list":["post-116115","post","type-post","status-publish","format-standard","has-post-thumbnail","hentry","category-geral"],"_links":{"self":[{"href":"https:\/\/www.caririemacao.com\/1\/wp-json\/wp\/v2\/posts\/116115","targetHints":{"allow":["GET"]}}],"collection":[{"href":"https:\/\/www.caririemacao.com\/1\/wp-json\/wp\/v2\/posts"}],"about":[{"href":"https:\/\/www.caririemacao.com\/1\/wp-json\/wp\/v2\/types\/post"}],"author":[{"embeddable":true,"href":"https:\/\/www.caririemacao.com\/1\/wp-json\/wp\/v2\/users\/1"}],"replies":[{"embeddable":true,"href":"https:\/\/www.caririemacao.com\/1\/wp-json\/wp\/v2\/comments?post=116115"}],"version-history":[{"count":1,"href":"https:\/\/www.caririemacao.com\/1\/wp-json\/wp\/v2\/posts\/116115\/revisions"}],"predecessor-version":[{"id":116125,"href":"https:\/\/www.caririemacao.com\/1\/wp-json\/wp\/v2\/posts\/116115\/revisions\/116125"}],"wp:featuredmedia":[{"embeddable":true,"href":"https:\/\/www.caririemacao.com\/1\/wp-json\/wp\/v2\/media\/110902"}],"wp:attachment":[{"href":"https:\/\/www.caririemacao.com\/1\/wp-json\/wp\/v2\/media?parent=116115"}],"wp:term":[{"taxonomy":"category","embeddable":true,"href":"https:\/\/www.caririemacao.com\/1\/wp-json\/wp\/v2\/categories?post=116115"},{"taxonomy":"post_tag","embeddable":true,"href":"https:\/\/www.caririemacao.com\/1\/wp-json\/wp\/v2\/tags?post=116115"}],"curies":[{"name":"wp","href":"https:\/\/api.w.org\/{rel}","templated":true}]}}