{"id":116119,"date":"2019-09-13T13:51:28","date_gmt":"2019-09-13T16:51:28","guid":{"rendered":"http:\/\/www.caririemacao.com\/1\/?p=116119"},"modified":"2019-09-13T13:51:28","modified_gmt":"2019-09-13T16:51:28","slug":"em-menos-de-6-meses-prefeito-do-congo-gasta-mais-de-3-mil-reais-so-com-lubrificantes-para-o-carro-pertencente-ao-gabinete","status":"publish","type":"post","link":"https:\/\/www.caririemacao.com\/1\/2019\/09\/13\/em-menos-de-6-meses-prefeito-do-congo-gasta-mais-de-3-mil-reais-so-com-lubrificantes-para-o-carro-pertencente-ao-gabinete\/","title":{"rendered":"Em menos de 6 meses, Prefeito do Congo gasta mais de 3 mil reais s\u00f3 com lubrificantes para o carro pertencente ao gabinete"},"content":{"rendered":"\n<p>Depois de receber alerta do Tribunal de Contas do Estado da\nPara\u00edba por investir menos do que o m\u00ednimo em educa\u00e7\u00e3o, o prefeito do Congo\nvolta as manchetes dos jornais por gastar em apenas um carro da Prefeitura Municipal\nmais de 3 mil reais com a compra de lubrificantes.<\/p>\n\n\n\n<p>Trata-se do carro Gol cor Prata, ano 2017, com a placa QFT\n3975, pertencente ao gabinete do prefeito J\u00fanior Quirino, que em menos de 6 meses\nusou mais de 3 mil reais em lubrificantes.<\/p>\n\n\n\n<p>Fazendo uma conta r\u00e1pida, um carro para gastar uma m\u00e9dia de 3 mil em lubrificantes deveria ter rodado, em menos de 6 meses, em torno de 180 mil quil\u00f4metros, j\u00e1 que a m\u00e9dia de um litro de lubrificante para este tipo de ve\u00edculo custa em m\u00e9dia 35 reais. <\/p>\n\n\n\n<p>A conta ainda visualiza informa\u00e7\u00f5es de que com este valor de mais de 3 mil reais, a prefeitura deveria ter trocado o \u00f3leo do carro quase 22 vezes em menos de 6 meses, equivalente a quase 4 trocas por m\u00eas, ou em m\u00e9dia uma por semana. <\/p>\n\n\n\n<p>Vale destacar que, o lubrificante de um carro citado na mat\u00e9ria, deve ser trocado em m\u00e9dia a cada 7 ou 8 mil quil\u00f4metros rodados. \u00a0<\/p>\n\n\n\n<p>Se for totalizar os n\u00fameros, uma troca a cada semana, o Gol do Gabinete do Prefeito daria para fazer 02 viagens a capital Bras\u00edlia, com direito a voltar. No m\u00eas seriam 08 viagens e em 06 meses daria para fazer este mesmo percurso quase 48 vezes.<\/p>\n\n\n\n<p>Talvez, o prefeito J\u00fanior esteja indo a Bras\u00edlia no carro do Gabinete, economizando assim, as passagens a\u00e9reas, para poder investir mais em educa\u00e7\u00e3o e n\u00e3o ser punido pelos \u00f3rg\u00e3os fiscalizadores.<\/p>\n\n\n\n<p>Todas as informa\u00e7\u00f5es podem ser acessadas na p\u00e1gina do TCE\/PB, atrav\u00e9s do sagres. Veja abaixo os empenhos pagos para a compra dos lubrificantes. <\/p>\n\n\n\n<figure class=\"wp-block-image\"><img fetchpriority=\"high\" decoding=\"async\" width=\"1024\" height=\"557\" src=\"http:\/\/www.caririemacao.com\/1\/wp-content\/uploads\/2019\/09\/Sem-t\u00edtulo-1-1024x557.png\" alt=\"\" class=\"wp-image-116122\" srcset=\"https:\/\/www.caririemacao.com\/1\/wp-content\/uploads\/2019\/09\/Sem-t\u00edtulo-1-1024x557.png 1024w, https:\/\/www.caririemacao.com\/1\/wp-content\/uploads\/2019\/09\/Sem-t\u00edtulo-1-300x163.png 300w, https:\/\/www.caririemacao.com\/1\/wp-content\/uploads\/2019\/09\/Sem-t\u00edtulo-1-768x418.png 768w, https:\/\/www.caririemacao.com\/1\/wp-content\/uploads\/2019\/09\/Sem-t\u00edtulo-1.png 1331w\" sizes=\"(max-width: 1024px) 100vw, 1024px\" \/><\/figure>\n\n\n\n<figure class=\"wp-block-image\"><img decoding=\"async\" width=\"1024\" height=\"558\" data-src=\"http:\/\/www.caririemacao.com\/1\/wp-content\/uploads\/2019\/09\/2-1-1024x558.png\" alt=\"\" class=\"wp-image-116123 lazyload\" data-srcset=\"https:\/\/www.caririemacao.com\/1\/wp-content\/uploads\/2019\/09\/2-1-1024x558.png 1024w, https:\/\/www.caririemacao.com\/1\/wp-content\/uploads\/2019\/09\/2-1-300x163.png 300w, https:\/\/www.caririemacao.com\/1\/wp-content\/uploads\/2019\/09\/2-1-768x418.png 768w, https:\/\/www.caririemacao.com\/1\/wp-content\/uploads\/2019\/09\/2-1.png 1326w\" data-sizes=\"(max-width: 1024px) 100vw, 1024px\" src=\"data:image\/svg+xml;base64,PHN2ZyB3aWR0aD0iMSIgaGVpZ2h0PSIxIiB4bWxucz0iaHR0cDovL3d3dy53My5vcmcvMjAwMC9zdmciPjwvc3ZnPg==\" style=\"--smush-placeholder-width: 1024px; --smush-placeholder-aspect-ratio: 1024\/558;\" \/><\/figure>\n","protected":false},"excerpt":{"rendered":"<p>Depois de receber alerta do Tribunal de Contas do Estado da Para\u00edba por investir menos do que o m\u00ednimo em educa\u00e7\u00e3o, o prefeito do Congo&hellip; <\/p>\n","protected":false},"author":2,"featured_media":20753,"comment_status":"closed","ping_status":"closed","sticky":false,"template":"","format":"standard","meta":{"sfsi_plus_gutenberg_text_before_share":"","sfsi_plus_gutenberg_show_text_before_share":"","sfsi_plus_gutenberg_icon_type":"","sfsi_plus_gutenberg_icon_alignemt":"","sfsi_plus_gutenburg_max_per_row":"","footnotes":""},"categories":[50,2],"tags":[],"class_list":["post-116119","post","type-post","status-publish","format-standard","has-post-thumbnail","hentry","category-destaque","category-geral"],"_links":{"self":[{"href":"https:\/\/www.caririemacao.com\/1\/wp-json\/wp\/v2\/posts\/116119","targetHints":{"allow":["GET"]}}],"collection":[{"href":"https:\/\/www.caririemacao.com\/1\/wp-json\/wp\/v2\/posts"}],"about":[{"href":"https:\/\/www.caririemacao.com\/1\/wp-json\/wp\/v2\/types\/post"}],"author":[{"embeddable":true,"href":"https:\/\/www.caririemacao.com\/1\/wp-json\/wp\/v2\/users\/2"}],"replies":[{"embeddable":true,"href":"https:\/\/www.caririemacao.com\/1\/wp-json\/wp\/v2\/comments?post=116119"}],"version-history":[{"count":4,"href":"https:\/\/www.caririemacao.com\/1\/wp-json\/wp\/v2\/posts\/116119\/revisions"}],"predecessor-version":[{"id":116155,"href":"https:\/\/www.caririemacao.com\/1\/wp-json\/wp\/v2\/posts\/116119\/revisions\/116155"}],"wp:featuredmedia":[{"embeddable":true,"href":"https:\/\/www.caririemacao.com\/1\/wp-json\/wp\/v2\/media\/20753"}],"wp:attachment":[{"href":"https:\/\/www.caririemacao.com\/1\/wp-json\/wp\/v2\/media?parent=116119"}],"wp:term":[{"taxonomy":"category","embeddable":true,"href":"https:\/\/www.caririemacao.com\/1\/wp-json\/wp\/v2\/categories?post=116119"},{"taxonomy":"post_tag","embeddable":true,"href":"https:\/\/www.caririemacao.com\/1\/wp-json\/wp\/v2\/tags?post=116119"}],"curies":[{"name":"wp","href":"https:\/\/api.w.org\/{rel}","templated":true}]}}