{"id":116138,"date":"2019-09-13T13:47:17","date_gmt":"2019-09-13T16:47:17","guid":{"rendered":"http:\/\/www.caririemacao.com\/1\/?p=116138"},"modified":"2019-09-13T13:47:17","modified_gmt":"2019-09-13T16:47:17","slug":"peritos-buscam-foco-de-incendio-em-hospital-do-rio","status":"publish","type":"post","link":"https:\/\/www.caririemacao.com\/1\/2019\/09\/13\/peritos-buscam-foco-de-incendio-em-hospital-do-rio\/","title":{"rendered":"Peritos buscam foco de inc\u00eandio em hospital do Rio"},"content":{"rendered":"\n<p> Peritos da Pol\u00edcia Civil do Rio de Janeiro est\u00e3o tentando encontrar o foco prim\u00e1rio do inc\u00eandio que atingiu\u00a0ontem\u00a0(12) o Hospital Badim, na zona norte da cidade. De acordo com o delegado Roberto Ramos, da Pra\u00e7a da Bandeira (18\u00aa DP), que investiga o caso, ainda n\u00e3o \u00e9 poss\u00edvel dizer onde come\u00e7ou o fogo.<\/p>\n\n\n\n<p>A hip\u00f3tese inicial \u00e9 de que tenha come\u00e7ado com um curto-circuito no gerador de energia do hospital. Para Ramos, ainda n\u00e3o se pode afirmar isso. \u201cSabemos que o fogo chegou ao gerador, mas estamos vendo o foco prim\u00e1rio, para saber se foi no gerador ou n\u00e3o\u201d, disse.<\/p>\n\n\n\n<p>Segundo ele, o trabalho dos peritos est\u00e1 sendo dificultado por quest\u00f5es como a fuma\u00e7a, o calor e a pouca luminosidade dos locais investigados.<\/p>\n\n\n\n<p>Ao ser questionado sobre a hip\u00f3tese levantada pelo prefeito carioca, Marcelo Crivella, de que o inc\u00eandio possa&nbsp;ter&nbsp;sido criminoso, o delegado disse que ainda \u00e9 prematuro fazer esse tipo de afirma\u00e7\u00e3o.<\/p>\n\n\n\n<p>O delegado confirmou que, por enquanto, o n\u00famero oficial de mortos \u00e9 10, de acordo com o Corpo de Bombeiros.<\/p>\n","protected":false},"excerpt":{"rendered":"<p>Peritos da Pol\u00edcia Civil do Rio de Janeiro est\u00e3o tentando encontrar o foco prim\u00e1rio do inc\u00eandio que atingiu\u00a0ontem\u00a0(12) o Hospital Badim, na zona norte da&hellip; <\/p>\n","protected":false},"author":1,"featured_media":116141,"comment_status":"closed","ping_status":"closed","sticky":false,"template":"","format":"standard","meta":{"sfsi_plus_gutenberg_text_before_share":"","sfsi_plus_gutenberg_show_text_before_share":"","sfsi_plus_gutenberg_icon_type":"","sfsi_plus_gutenberg_icon_alignemt":"","sfsi_plus_gutenburg_max_per_row":"","footnotes":""},"categories":[2],"tags":[],"class_list":["post-116138","post","type-post","status-publish","format-standard","has-post-thumbnail","hentry","category-geral"],"_links":{"self":[{"href":"https:\/\/www.caririemacao.com\/1\/wp-json\/wp\/v2\/posts\/116138","targetHints":{"allow":["GET"]}}],"collection":[{"href":"https:\/\/www.caririemacao.com\/1\/wp-json\/wp\/v2\/posts"}],"about":[{"href":"https:\/\/www.caririemacao.com\/1\/wp-json\/wp\/v2\/types\/post"}],"author":[{"embeddable":true,"href":"https:\/\/www.caririemacao.com\/1\/wp-json\/wp\/v2\/users\/1"}],"replies":[{"embeddable":true,"href":"https:\/\/www.caririemacao.com\/1\/wp-json\/wp\/v2\/comments?post=116138"}],"version-history":[{"count":1,"href":"https:\/\/www.caririemacao.com\/1\/wp-json\/wp\/v2\/posts\/116138\/revisions"}],"predecessor-version":[{"id":116142,"href":"https:\/\/www.caririemacao.com\/1\/wp-json\/wp\/v2\/posts\/116138\/revisions\/116142"}],"wp:featuredmedia":[{"embeddable":true,"href":"https:\/\/www.caririemacao.com\/1\/wp-json\/wp\/v2\/media\/116141"}],"wp:attachment":[{"href":"https:\/\/www.caririemacao.com\/1\/wp-json\/wp\/v2\/media?parent=116138"}],"wp:term":[{"taxonomy":"category","embeddable":true,"href":"https:\/\/www.caririemacao.com\/1\/wp-json\/wp\/v2\/categories?post=116138"},{"taxonomy":"post_tag","embeddable":true,"href":"https:\/\/www.caririemacao.com\/1\/wp-json\/wp\/v2\/tags?post=116138"}],"curies":[{"name":"wp","href":"https:\/\/api.w.org\/{rel}","templated":true}]}}