{"id":116189,"date":"2019-09-13T14:01:10","date_gmt":"2019-09-13T17:01:10","guid":{"rendered":"http:\/\/www.caririemacao.com\/1\/?p=116189"},"modified":"2019-09-13T14:01:10","modified_gmt":"2019-09-13T17:01:10","slug":"termina-hoje-o-prazo-para-solicitar-atendimento-especializado-no-enade","status":"publish","type":"post","link":"https:\/\/www.caririemacao.com\/1\/2019\/09\/13\/termina-hoje-o-prazo-para-solicitar-atendimento-especializado-no-enade\/","title":{"rendered":"Termina hoje o prazo para solicitar atendimento especializado no Enade"},"content":{"rendered":"\n<p>Os estudantes concluintes dos cursos que ser\u00e3o avaliados no Exame Nacional de Desempenho dos Estudantes (Enade) 2019 t\u00eam at\u00e9 hoje (13) para solicitar atendimento especializado, espec\u00edfico ou por nome social, caso necess\u00e1rio. O pedido dever\u00e1 ser feito pelo pr\u00f3prio estudante, por meio do&nbsp;<a href=\"http:\/\/enade.inep.gov.br\/enade\/#!\/index\" target=\"_blank\" rel=\"noreferrer noopener\">Sistema Enade<\/a>.<\/p>\n\n\n\n<p>O atendimento especializado destina-se a pessoas com baixa vis\u00e3o, cegueira, vis\u00e3o monocular, defici\u00eancia f\u00edsica, defici\u00eancia auditiva, surdez, defici\u00eancia intelectual (mental), surdocegueira, dislexia, d\u00e9ficit de aten\u00e7\u00e3o, autismo e discalculia.<\/p>\n\n\n\n<p>O atendimento espec\u00edfico \u00e9 oferecido a gestantes, lactantes, idosos ou pessoa com outra condi\u00e7\u00e3o espec\u00edfica. J\u00e1 o atendimento por nome social aplica-se \u00e0s pessoas que se identificam e querem ser reconhecidas socialmente em conson\u00e2ncia com a sua identidade de g\u00eanero.<\/p>\n\n\n\n<h2 class=\"wp-block-heading\">Question\u00e1rio do Estudante<\/h2>\n\n\n\n<p>Todos os estudantes formandos nos cursos avaliados devem responder ao&nbsp;<a href=\"http:\/\/portal.inep.gov.br\/web\/guest\/questionario-do-estudante\" target=\"_blank\" rel=\"noreferrer noopener\">Question\u00e1rio do Estudante<\/a>&nbsp;at\u00e9 21 de novembro. O documento, segundo o Instituto Nacional de Estudos e Pesquisas Educacionais (Inep), faz parte do processo avaliativo e o preenchimento \u00e9 obrigat\u00f3rio. O formando que n\u00e3o preencher o formul\u00e1rio ficar\u00e1 irregular junto ao Enade e, mesmo que cumpra todas as outras obriga\u00e7\u00f5es do exame, n\u00e3o conseguir\u00e1 colar grau.<\/p>\n\n\n\n<p>O Enade 2019 ser\u00e1 aplicado no dia 24 de novembro. O exame \u00e9 composto por uma prova para avalia\u00e7\u00e3o de desempenho dos estudantes e um Question\u00e1rio do Estudante. No hist\u00f3rico escolar do estudante, ficar\u00e1 registrada a situa\u00e7\u00e3o de regularidade em rela\u00e7\u00e3o ao Enade.<\/p>\n\n\n\n<p>Neste ano, o Enade avaliar\u00e1 os cursos das \u00e1reas de ci\u00eancias agr\u00e1rias, ci\u00eancias da sa\u00fade e \u00e1reas afins; engenharias e arquitetura e urbanismo; e os cursos superiores de tecnologia nas \u00e1reas de ambiente e sa\u00fade, produ\u00e7\u00e3o aliment\u00edcia, recursos naturais, militar e de seguran\u00e7a.<\/p>\n","protected":false},"excerpt":{"rendered":"<p>Os estudantes concluintes dos cursos que ser\u00e3o avaliados no Exame Nacional de Desempenho dos Estudantes (Enade) 2019 t\u00eam at\u00e9 hoje (13) para solicitar atendimento especializado,&hellip; <\/p>\n","protected":false},"author":1,"featured_media":116191,"comment_status":"closed","ping_status":"closed","sticky":false,"template":"","format":"standard","meta":{"sfsi_plus_gutenberg_text_before_share":"","sfsi_plus_gutenberg_show_text_before_share":"","sfsi_plus_gutenberg_icon_type":"","sfsi_plus_gutenberg_icon_alignemt":"","sfsi_plus_gutenburg_max_per_row":"","footnotes":""},"categories":[14],"tags":[],"class_list":["post-116189","post","type-post","status-publish","format-standard","has-post-thumbnail","hentry","category-educacao"],"_links":{"self":[{"href":"https:\/\/www.caririemacao.com\/1\/wp-json\/wp\/v2\/posts\/116189","targetHints":{"allow":["GET"]}}],"collection":[{"href":"https:\/\/www.caririemacao.com\/1\/wp-json\/wp\/v2\/posts"}],"about":[{"href":"https:\/\/www.caririemacao.com\/1\/wp-json\/wp\/v2\/types\/post"}],"author":[{"embeddable":true,"href":"https:\/\/www.caririemacao.com\/1\/wp-json\/wp\/v2\/users\/1"}],"replies":[{"embeddable":true,"href":"https:\/\/www.caririemacao.com\/1\/wp-json\/wp\/v2\/comments?post=116189"}],"version-history":[{"count":1,"href":"https:\/\/www.caririemacao.com\/1\/wp-json\/wp\/v2\/posts\/116189\/revisions"}],"predecessor-version":[{"id":116192,"href":"https:\/\/www.caririemacao.com\/1\/wp-json\/wp\/v2\/posts\/116189\/revisions\/116192"}],"wp:featuredmedia":[{"embeddable":true,"href":"https:\/\/www.caririemacao.com\/1\/wp-json\/wp\/v2\/media\/116191"}],"wp:attachment":[{"href":"https:\/\/www.caririemacao.com\/1\/wp-json\/wp\/v2\/media?parent=116189"}],"wp:term":[{"taxonomy":"category","embeddable":true,"href":"https:\/\/www.caririemacao.com\/1\/wp-json\/wp\/v2\/categories?post=116189"},{"taxonomy":"post_tag","embeddable":true,"href":"https:\/\/www.caririemacao.com\/1\/wp-json\/wp\/v2\/tags?post=116189"}],"curies":[{"name":"wp","href":"https:\/\/api.w.org\/{rel}","templated":true}]}}