{"id":116201,"date":"2019-09-13T14:03:54","date_gmt":"2019-09-13T17:03:54","guid":{"rendered":"http:\/\/www.caririemacao.com\/1\/?p=116201"},"modified":"2019-09-13T14:03:54","modified_gmt":"2019-09-13T17:03:54","slug":"atividade-economica-tem-queda-de-016-em-julho","status":"publish","type":"post","link":"https:\/\/www.caririemacao.com\/1\/2019\/09\/13\/atividade-economica-tem-queda-de-016-em-julho\/","title":{"rendered":"Atividade econ\u00f4mica tem queda de 0,16% em julho"},"content":{"rendered":"\n<p>A economia brasileira registrou queda em julho ap\u00f3s alta nos dois meses anteriores. O \u00cdndice de Atividade Econ\u00f4mica do Banco Central (IBC-Br), dessazonalizado (ajustado para o per\u00edodo), apresentou retra\u00e7\u00e3o de 0,16%, em rela\u00e7\u00e3o a junho, segundo dados divulgados hoje (13) pelo Banco Central (BC).<\/p>\n\n\n\n<p>Na compara\u00e7\u00e3o com julho de 2018, houve aumento de 1,31% (sem ajuste para o per\u00edodo, j\u00e1 que a compara\u00e7\u00e3o \u00e9 entre meses iguais). Em 12 meses encerrados em abril, o indicador teve crescimento de 1,07%. No ano, o IBC-Br ficou em 0,78%.<\/p>\n\n\n\n<p>O IBC-Br \u00e9 uma forma de avaliar a evolu\u00e7\u00e3o da atividade econ\u00f4mica brasileira e ajuda o BC a tomar suas decis\u00f5es sobre a taxa b\u00e1sica de juros, a Selic. O \u00edndice incorpora informa\u00e7\u00f5es sobre o n\u00edvel de atividade dos tr\u00eas setores da economia: ind\u00fastria, com\u00e9rcio e servi\u00e7os e agropecu\u00e1ria, al\u00e9m do volume de impostos.<\/p>\n\n\n\n<p>O indicador foi criado pelo BC para tentar antecipar, por aproxima\u00e7\u00e3o, a evolu\u00e7\u00e3o da atividade econ\u00f4mica. Entretanto, o indicador oficial \u00e9 o Produto Interno Bruto (PIB, soma dos bens e servi\u00e7os produzidos no pa\u00eds), calculado pelo Instituto Brasileiro de Geografia e Estat\u00edstica (IBGE).<\/p>\n","protected":false},"excerpt":{"rendered":"<p>A economia brasileira registrou queda em julho ap\u00f3s alta nos dois meses anteriores. O \u00cdndice de Atividade Econ\u00f4mica do Banco Central (IBC-Br), dessazonalizado (ajustado para&hellip; <\/p>\n","protected":false},"author":1,"featured_media":111013,"comment_status":"closed","ping_status":"closed","sticky":false,"template":"","format":"standard","meta":{"sfsi_plus_gutenberg_text_before_share":"","sfsi_plus_gutenberg_show_text_before_share":"","sfsi_plus_gutenberg_icon_type":"","sfsi_plus_gutenberg_icon_alignemt":"","sfsi_plus_gutenburg_max_per_row":"","footnotes":""},"categories":[2],"tags":[],"class_list":["post-116201","post","type-post","status-publish","format-standard","has-post-thumbnail","hentry","category-geral"],"_links":{"self":[{"href":"https:\/\/www.caririemacao.com\/1\/wp-json\/wp\/v2\/posts\/116201","targetHints":{"allow":["GET"]}}],"collection":[{"href":"https:\/\/www.caririemacao.com\/1\/wp-json\/wp\/v2\/posts"}],"about":[{"href":"https:\/\/www.caririemacao.com\/1\/wp-json\/wp\/v2\/types\/post"}],"author":[{"embeddable":true,"href":"https:\/\/www.caririemacao.com\/1\/wp-json\/wp\/v2\/users\/1"}],"replies":[{"embeddable":true,"href":"https:\/\/www.caririemacao.com\/1\/wp-json\/wp\/v2\/comments?post=116201"}],"version-history":[{"count":1,"href":"https:\/\/www.caririemacao.com\/1\/wp-json\/wp\/v2\/posts\/116201\/revisions"}],"predecessor-version":[{"id":116203,"href":"https:\/\/www.caririemacao.com\/1\/wp-json\/wp\/v2\/posts\/116201\/revisions\/116203"}],"wp:featuredmedia":[{"embeddable":true,"href":"https:\/\/www.caririemacao.com\/1\/wp-json\/wp\/v2\/media\/111013"}],"wp:attachment":[{"href":"https:\/\/www.caririemacao.com\/1\/wp-json\/wp\/v2\/media?parent=116201"}],"wp:term":[{"taxonomy":"category","embeddable":true,"href":"https:\/\/www.caririemacao.com\/1\/wp-json\/wp\/v2\/categories?post=116201"},{"taxonomy":"post_tag","embeddable":true,"href":"https:\/\/www.caririemacao.com\/1\/wp-json\/wp\/v2\/tags?post=116201"}],"curies":[{"name":"wp","href":"https:\/\/api.w.org\/{rel}","templated":true}]}}