{"id":116213,"date":"2019-09-13T14:08:02","date_gmt":"2019-09-13T17:08:02","guid":{"rendered":"http:\/\/www.caririemacao.com\/1\/?p=116213"},"modified":"2019-09-13T14:08:02","modified_gmt":"2019-09-13T17:08:02","slug":"anvisa-abre-consulta-publica-para-debate-sobre-rotulo-em-alimentos","status":"publish","type":"post","link":"https:\/\/www.caririemacao.com\/1\/2019\/09\/13\/anvisa-abre-consulta-publica-para-debate-sobre-rotulo-em-alimentos\/","title":{"rendered":"Anvisa abre consulta p\u00fablica para debate sobre r\u00f3tulo em alimentos"},"content":{"rendered":"\n<p>A diretoria colegiada da Ag\u00eancia Nacional de Vigil\u00e2ncia Sanit\u00e1ria (Anvisa) aprovou, nessa quinta-feira (12), a realiza\u00e7\u00e3o de duas novas consultas p\u00fablicas para colher as sugest\u00f5es da sociedade sobre as propostas de revis\u00e3o das atuais normas brasileiras de rotulagem nutricional de alimentos.<\/p>\n\n\n\n<p>Mecanismo de participa\u00e7\u00e3o social aberto aos interessados, a consulta p\u00fablica \u00e9 o recurso empregado por \u00f3rg\u00e3os p\u00fablicos para permitir que a popula\u00e7\u00e3o participe da discuss\u00e3o sobre futuros atos normativos ou temas de interesse social antes da tomada de decis\u00f5es administrativas. Manifesta\u00e7\u00f5es relevantes recebidas por escrito costumam ser levadas em considera\u00e7\u00e3o durante o debate em torno de temas que afetam o dia a dia dos cidad\u00e3os.<\/p>\n\n\n\n<p>Atualmente, h\u00e1 44 processos de consulta p\u00fablica em aberto na Anvisa. Eles tratam dos mais diversos temas, indo do registro de produtos das chamadas \u201cterapias avan\u00e7adas\u201d (termo empregado para se referir ao conjunto de tratamentos personalizados que inclui, entre outros, produtos de terapia celular e de engenharia de tecidos) ao debate sobre as regras para o uso de aditivos (conservantes, corantes e aromatizantes) em diversos tipos de alimentos.<\/p>\n\n\n\n<p>Segundo a assessoria da ag\u00eancia reguladora, as duas novas consultas p\u00fablicas tratar\u00e3o de propostas de mudan\u00e7as nas atuais regras de rotulagem dos produtos aliment\u00edcios, e visam a ajudar os consumidores na hora de escolher o que levar para casa, al\u00e9m de orientar os produtores a se adequarem \u00e0s eventuais novas normas.<\/p>\n\n\n\n<p>Entre outras coisas, a Anvisa prop\u00f5e que os fabricantes tornem mais leg\u00edveis os dados nutricionais de seus produtores, adotando um modelo de r\u00f3tulo frontal para os alimentos com alto teor de a\u00e7\u00facar adicionado, gordura saturada ou s\u00f3dio \u2013 ingredientes associados a algumas das principais doen\u00e7as cr\u00f4nicas n\u00e3o transmiss\u00edveis, como diabetes, doen\u00e7as cardiovasculares e hipertens\u00e3o.<\/p>\n\n\n\n<p>Os limites a partir dos quais a presen\u00e7a destes ingredientes configurar\u00e1 \u201calto teor\u201d ser\u00e3o estabelecidos pela Anvisa e, pela proposta inicial, dever\u00e3o ser adotados em duas etapas &#8211; com prazo de 42 meses at\u00e9 a completa implementa\u00e7\u00e3o da medida.<\/p>\n\n\n\n<p>Para facilitar a visualiza\u00e7\u00e3o das informa\u00e7\u00f5es, o fabricante dever\u00e1 utilizar fontes (letras) maiores quando seu produto contiver alto teor destes ingredientes. O desenho de uma lupa chamando a aten\u00e7\u00e3o para tal informa\u00e7\u00e3o dever\u00e1 constar na parte frontal do produto, na metade superior.<\/p>\n\n\n\n<p>Outra novidade incorporada \u00e0 tabela nutricional \u00e9 a declara\u00e7\u00e3o padronizada de informa\u00e7\u00f5es nutricionais por 100 gramas (g) ou 100 mililitros (ml), em complementa\u00e7\u00e3o \u00e0 atual declara\u00e7\u00e3o por por\u00e7\u00f5es. A proposta prev\u00ea tamb\u00e9m a inclus\u00e3o do n\u00famero de por\u00e7\u00f5es por embalagem do produto. A ideia \u00e9 facilitar para o consumidor a compara\u00e7\u00e3o entre os conte\u00fados, sem a necessidade de ficar fazendo c\u00e1lculos. Hoje essas medidas permitem uma grande varia\u00e7\u00e3o, o que dificulta o entendimento das informa\u00e7\u00f5es.<\/p>\n\n\n\n<p>A autoriza\u00e7\u00e3o para a realiza\u00e7\u00e3o das audi\u00eancias p\u00fablicas deve ser publicada no&nbsp;<em>Di\u00e1rio Oficial da Uni\u00e3o<\/em>&nbsp;(DOU) nos pr\u00f3ximos dias. A partir da publica\u00e7\u00e3o, os interessados ter\u00e3o 45 dias para enviar suas contribui\u00e7\u00f5es. O formul\u00e1rio para envio das sugest\u00f5es e os detalhes sobre a iniciativa estar\u00e3o dispon\u00edveis no site da Anvisa.&nbsp;<a href=\"http:\/\/portal.anvisa.gov.br\/consultas-publicas#\/\" target=\"_blank\" rel=\"noreferrer noopener\">Acesse aqui<\/a>&nbsp;a rela\u00e7\u00e3o de consultas p\u00fablicas j\u00e1 instauradas pela ag\u00eancia.<\/p>\n","protected":false},"excerpt":{"rendered":"<p>A diretoria colegiada da Ag\u00eancia Nacional de Vigil\u00e2ncia Sanit\u00e1ria (Anvisa) aprovou, nessa quinta-feira (12), a realiza\u00e7\u00e3o de duas novas consultas p\u00fablicas para colher as sugest\u00f5es&hellip; <\/p>\n","protected":false},"author":1,"featured_media":116215,"comment_status":"closed","ping_status":"closed","sticky":false,"template":"","format":"standard","meta":{"sfsi_plus_gutenberg_text_before_share":"","sfsi_plus_gutenberg_show_text_before_share":"","sfsi_plus_gutenberg_icon_type":"","sfsi_plus_gutenberg_icon_alignemt":"","sfsi_plus_gutenburg_max_per_row":"","footnotes":""},"categories":[16],"tags":[],"class_list":["post-116213","post","type-post","status-publish","format-standard","has-post-thumbnail","hentry","category-saude"],"_links":{"self":[{"href":"https:\/\/www.caririemacao.com\/1\/wp-json\/wp\/v2\/posts\/116213","targetHints":{"allow":["GET"]}}],"collection":[{"href":"https:\/\/www.caririemacao.com\/1\/wp-json\/wp\/v2\/posts"}],"about":[{"href":"https:\/\/www.caririemacao.com\/1\/wp-json\/wp\/v2\/types\/post"}],"author":[{"embeddable":true,"href":"https:\/\/www.caririemacao.com\/1\/wp-json\/wp\/v2\/users\/1"}],"replies":[{"embeddable":true,"href":"https:\/\/www.caririemacao.com\/1\/wp-json\/wp\/v2\/comments?post=116213"}],"version-history":[{"count":1,"href":"https:\/\/www.caririemacao.com\/1\/wp-json\/wp\/v2\/posts\/116213\/revisions"}],"predecessor-version":[{"id":116216,"href":"https:\/\/www.caririemacao.com\/1\/wp-json\/wp\/v2\/posts\/116213\/revisions\/116216"}],"wp:featuredmedia":[{"embeddable":true,"href":"https:\/\/www.caririemacao.com\/1\/wp-json\/wp\/v2\/media\/116215"}],"wp:attachment":[{"href":"https:\/\/www.caririemacao.com\/1\/wp-json\/wp\/v2\/media?parent=116213"}],"wp:term":[{"taxonomy":"category","embeddable":true,"href":"https:\/\/www.caririemacao.com\/1\/wp-json\/wp\/v2\/categories?post=116213"},{"taxonomy":"post_tag","embeddable":true,"href":"https:\/\/www.caririemacao.com\/1\/wp-json\/wp\/v2\/tags?post=116213"}],"curies":[{"name":"wp","href":"https:\/\/api.w.org\/{rel}","templated":true}]}}