{"id":116235,"date":"2019-09-13T14:15:57","date_gmt":"2019-09-13T17:15:57","guid":{"rendered":"http:\/\/www.caririemacao.com\/1\/?p=116235"},"modified":"2019-09-13T14:15:57","modified_gmt":"2019-09-13T17:15:57","slug":"governador-diz-que-nao-caiu-de-paraquedas-no-cargo-e-foi-eleito-por-vontade-da-populacao","status":"publish","type":"post","link":"https:\/\/www.caririemacao.com\/1\/2019\/09\/13\/governador-diz-que-nao-caiu-de-paraquedas-no-cargo-e-foi-eleito-por-vontade-da-populacao\/","title":{"rendered":"Governador diz que n\u00e3o caiu de paraquedas no cargo e foi eleito por vontade da popula\u00e7\u00e3o"},"content":{"rendered":"\n<p>O governador Jo\u00e3o Azev\u00eado se manifestou na manh\u00e3 desta sexta-feira (13) ap\u00f3s as declara\u00e7\u00f5es do ex-governador Ricardo Coutinho. Durante solenidade na cidade de Juazeirinho, no Cariri do Estado, Jo\u00e3o Azev\u00eado refor\u00e7ou que n\u00e3o caiu de paraquedas no cargo.<\/p>\n\n\n\n<p>\u201cEu sou fruto de um projeto que ajudei a construir\u201d, declarou Jo\u00e3o Azev\u00eado durante discurso. O governador estava acompanhado do senador Veneziano, que ocupava o palco na solenidade, ao lado de seus apoiadores.<\/p>\n\n\n\n<ul class=\"wp-block-list\"><li><a href=\"https:\/\/www.clickpb.com.br\/politica\/ricardo-coutinho-lamenta-ingratidao-de-adriano-galdino-e-ricardo-barbosa-e-preve-que-mascaras-vao-cair-267682.html\">Ricardo Coutinho chama Galdino, Herv\u00e1zio e Ricardo Barbosa de ingratos e diz que Nonato e Rosas coagiram lideran\u00e7as<\/a><\/li><\/ul>\n\n\n\n<p>Para refor\u00e7ar sua tese, Jo\u00e3o Azev\u00eado tamb\u00e9m declarou que rodou todo o estado da Para\u00edba na condi\u00e7\u00e3o de secret\u00e1rio do Governo do Estado, de pr\u00e9-candidato e candidato ao Governo do Estado.<\/p>\n\n\n\n<p>&#8220;Foi exatamente a popula\u00e7\u00e3o que nos deu essa vit\u00f3ria e me deu o reconhecimento do trabalho anterior&#8221;, considerou o governador. Recentemente, Ricardo Coutinho reclamou que alguns companheiros de seu partido teriam sido ingratos a ele ap\u00f3s terem conseguido vit\u00f3ria nas \u00faltimas elei\u00e7\u00f5es.<\/p>\n\n\n\n<p>Ele ainda declarou que &#8220;l\u00e1 no come\u00e7o de 2018, talvez eu n\u00e3o fosse conhecido de muita gente, talvez eu fosse conhecido por 2% da popula\u00e7\u00e3o. Ent\u00e3o, rodando 40 mil quil\u00f4metros, que trocava motorista que eu nem sabia quem era mais quando eu entrava no carro, trocando carro porque toda semana entrava na revis\u00e3o, eu tive que passar a ser conhecido por 51,8% da popula\u00e7\u00e3o, que foi a popula\u00e7\u00e3o que nos deu essa vit\u00f3ria\u201d.<\/p>\n\n\n\n<figure><iframe width=\"727\" height=\"409\" data-src=\"https:\/\/www.youtube.com\/embed\/gnMeJ21ZMVw\" allowfullscreen=\"\" src=\"data:image\/svg+xml;base64,PHN2ZyB3aWR0aD0iMSIgaGVpZ2h0PSIxIiB4bWxucz0iaHR0cDovL3d3dy53My5vcmcvMjAwMC9zdmciPjwvc3ZnPg==\" class=\"lazyload\" data-load-mode=\"1\"><\/iframe><\/figure>\n","protected":false},"excerpt":{"rendered":"<p>O governador Jo\u00e3o Azev\u00eado se manifestou na manh\u00e3 desta sexta-feira (13) ap\u00f3s as declara\u00e7\u00f5es do ex-governador Ricardo Coutinho. Durante solenidade na cidade de Juazeirinho, no&hellip; <\/p>\n","protected":false},"author":1,"featured_media":108528,"comment_status":"closed","ping_status":"closed","sticky":false,"template":"","format":"standard","meta":{"sfsi_plus_gutenberg_text_before_share":"","sfsi_plus_gutenberg_show_text_before_share":"","sfsi_plus_gutenberg_icon_type":"","sfsi_plus_gutenberg_icon_alignemt":"","sfsi_plus_gutenburg_max_per_row":"","footnotes":""},"categories":[11],"tags":[],"class_list":["post-116235","post","type-post","status-publish","format-standard","has-post-thumbnail","hentry","category-politica"],"_links":{"self":[{"href":"https:\/\/www.caririemacao.com\/1\/wp-json\/wp\/v2\/posts\/116235","targetHints":{"allow":["GET"]}}],"collection":[{"href":"https:\/\/www.caririemacao.com\/1\/wp-json\/wp\/v2\/posts"}],"about":[{"href":"https:\/\/www.caririemacao.com\/1\/wp-json\/wp\/v2\/types\/post"}],"author":[{"embeddable":true,"href":"https:\/\/www.caririemacao.com\/1\/wp-json\/wp\/v2\/users\/1"}],"replies":[{"embeddable":true,"href":"https:\/\/www.caririemacao.com\/1\/wp-json\/wp\/v2\/comments?post=116235"}],"version-history":[{"count":1,"href":"https:\/\/www.caririemacao.com\/1\/wp-json\/wp\/v2\/posts\/116235\/revisions"}],"predecessor-version":[{"id":116237,"href":"https:\/\/www.caririemacao.com\/1\/wp-json\/wp\/v2\/posts\/116235\/revisions\/116237"}],"wp:featuredmedia":[{"embeddable":true,"href":"https:\/\/www.caririemacao.com\/1\/wp-json\/wp\/v2\/media\/108528"}],"wp:attachment":[{"href":"https:\/\/www.caririemacao.com\/1\/wp-json\/wp\/v2\/media?parent=116235"}],"wp:term":[{"taxonomy":"category","embeddable":true,"href":"https:\/\/www.caririemacao.com\/1\/wp-json\/wp\/v2\/categories?post=116235"},{"taxonomy":"post_tag","embeddable":true,"href":"https:\/\/www.caririemacao.com\/1\/wp-json\/wp\/v2\/tags?post=116235"}],"curies":[{"name":"wp","href":"https:\/\/api.w.org\/{rel}","templated":true}]}}