{"id":116246,"date":"2019-09-13T14:19:56","date_gmt":"2019-09-13T17:19:56","guid":{"rendered":"http:\/\/www.caririemacao.com\/1\/?p=116246"},"modified":"2019-09-13T14:19:56","modified_gmt":"2019-09-13T17:19:56","slug":"prefeitura-de-ss-do-umbuzeiro-capacitara-produtores-com-cursos-de-queijo","status":"publish","type":"post","link":"https:\/\/www.caririemacao.com\/1\/2019\/09\/13\/prefeitura-de-ss-do-umbuzeiro-capacitara-produtores-com-cursos-de-queijo\/","title":{"rendered":"Prefeitura de SS do Umbuzeiro capacitar\u00e1 produtores com cursos de queijo"},"content":{"rendered":"\n<p>O secret\u00e1rio de agricultura de SS do Umbuzeiro, Di\u00eago Elesb\u00e3o coordenou uma reuni\u00e3o com os produtores de leite caprino do latic\u00ednio Vila do Caro\u00e1.<br>Na ocasi\u00e3o foram definidas as demandas dos cursos que ser\u00e3o ofertados a popula\u00e7\u00e3o, desde a confec\u00e7\u00e3o de queijos temperados, at\u00e9 a&nbsp;&nbsp;preven\u00e7\u00e3o de doen\u00e7as nos animais de produ\u00e7\u00e3o de leite.<br>O encontro teve a realiza\u00e7\u00e3o da Prefeitura Municipal de S\u00e3o Sebasti\u00e3o do Umbuzeiro com o apoio total da EMPAER.<\/p>\n","protected":false},"excerpt":{"rendered":"<p>O secret\u00e1rio de agricultura de SS do Umbuzeiro, Di\u00eago Elesb\u00e3o coordenou uma reuni\u00e3o com os produtores de leite caprino do latic\u00ednio Vila do Caro\u00e1.Na ocasi\u00e3o&hellip; <\/p>\n","protected":false},"author":1,"featured_media":116247,"comment_status":"closed","ping_status":"closed","sticky":false,"template":"","format":"standard","meta":{"sfsi_plus_gutenberg_text_before_share":"","sfsi_plus_gutenberg_show_text_before_share":"","sfsi_plus_gutenberg_icon_type":"","sfsi_plus_gutenberg_icon_alignemt":"","sfsi_plus_gutenburg_max_per_row":"","footnotes":""},"categories":[2],"tags":[],"class_list":["post-116246","post","type-post","status-publish","format-standard","has-post-thumbnail","hentry","category-geral"],"_links":{"self":[{"href":"https:\/\/www.caririemacao.com\/1\/wp-json\/wp\/v2\/posts\/116246","targetHints":{"allow":["GET"]}}],"collection":[{"href":"https:\/\/www.caririemacao.com\/1\/wp-json\/wp\/v2\/posts"}],"about":[{"href":"https:\/\/www.caririemacao.com\/1\/wp-json\/wp\/v2\/types\/post"}],"author":[{"embeddable":true,"href":"https:\/\/www.caririemacao.com\/1\/wp-json\/wp\/v2\/users\/1"}],"replies":[{"embeddable":true,"href":"https:\/\/www.caririemacao.com\/1\/wp-json\/wp\/v2\/comments?post=116246"}],"version-history":[{"count":1,"href":"https:\/\/www.caririemacao.com\/1\/wp-json\/wp\/v2\/posts\/116246\/revisions"}],"predecessor-version":[{"id":116248,"href":"https:\/\/www.caririemacao.com\/1\/wp-json\/wp\/v2\/posts\/116246\/revisions\/116248"}],"wp:featuredmedia":[{"embeddable":true,"href":"https:\/\/www.caririemacao.com\/1\/wp-json\/wp\/v2\/media\/116247"}],"wp:attachment":[{"href":"https:\/\/www.caririemacao.com\/1\/wp-json\/wp\/v2\/media?parent=116246"}],"wp:term":[{"taxonomy":"category","embeddable":true,"href":"https:\/\/www.caririemacao.com\/1\/wp-json\/wp\/v2\/categories?post=116246"},{"taxonomy":"post_tag","embeddable":true,"href":"https:\/\/www.caririemacao.com\/1\/wp-json\/wp\/v2\/tags?post=116246"}],"curies":[{"name":"wp","href":"https:\/\/api.w.org\/{rel}","templated":true}]}}