{"id":116259,"date":"2019-09-13T14:46:18","date_gmt":"2019-09-13T17:46:18","guid":{"rendered":"http:\/\/www.caririemacao.com\/1\/?p=116259"},"modified":"2019-09-13T14:46:18","modified_gmt":"2019-09-13T17:46:18","slug":"ricardo-coutinho-admite-conversa-com-joao-azevedo","status":"publish","type":"post","link":"https:\/\/www.caririemacao.com\/1\/2019\/09\/13\/ricardo-coutinho-admite-conversa-com-joao-azevedo\/","title":{"rendered":"Ricardo Coutinho admite conversa com Jo\u00e3o Azev\u00eado"},"content":{"rendered":"\n<p>Em tom apaziguador, o ex-governador Ricardo Coutinho (PSB), admitiu nesta quinta-feira (12), conversar com o governador Jo\u00e3o Azev\u00eado (PSB) para contornar a crise no PSB da Para\u00edba. Coutinho disse que tem obriga\u00e7\u00e3o de conversar com Jo\u00e3o, mas apontou que tem que ser chamado pelo mesmo.<br>\u201cEu tenho obriga\u00e7\u00e3o de dialogar, particularmente com o governador que pertence ao partido. Tenho obriga\u00e7\u00f5es institucionais em rela\u00e7\u00e3o a isso. Agora, ningu\u00e9m chama governador, as pessoas s\u00e3o chamadas pelo governador. Eu era um pouco diference, mas tenho que observar esse liturgia. Se for chamado pelo governador estarei disposto a dialogar sobre tudo\u201d, disse.<br>O ex-governador comentou que mant\u00e9m o respeito por Jo\u00e3o, e que o governador ter\u00e1 nele um \u2018companheiro para ouvir\u2019, mas com \u2018coragem para dizer\u2019. Ele tamb\u00e9m orientou o companheiro a \u2018se vacinar contra aproveitadores\u2019.<br>\u201cN\u00e3o h\u00e1 qualquer predisposi\u00e7\u00e3o em rela\u00e7\u00e3o ao governador. Jo\u00e3o ele \u00e9 filiado ao partido, no dia que ele quiser conversar vai estar aqui uma pessoa, um companheiro com capacidade de ouvir mas tamb\u00e9m com coragem para dizer\u201d, pontuou.<br>Ricardo ainda questionou os membros do partido que querem deixar a legenda: \u201cqual \u00e9 o motivo, o que mudou para algu\u00e9m sair do partido? nada\u201d.<br>A inten\u00e7\u00e3o, no comando do PSB, \u00e9 retomar as diretrizes da legenda na Para\u00edba, disse o ex-governador.<br><\/p>\n","protected":false},"excerpt":{"rendered":"<p>Em tom apaziguador, o ex-governador Ricardo Coutinho (PSB), admitiu nesta quinta-feira (12), conversar com o governador Jo\u00e3o Azev\u00eado (PSB) para contornar a crise no PSB&hellip; <\/p>\n","protected":false},"author":1,"featured_media":73733,"comment_status":"closed","ping_status":"closed","sticky":false,"template":"","format":"standard","meta":{"sfsi_plus_gutenberg_text_before_share":"","sfsi_plus_gutenberg_show_text_before_share":"","sfsi_plus_gutenberg_icon_type":"","sfsi_plus_gutenberg_icon_alignemt":"","sfsi_plus_gutenburg_max_per_row":"","footnotes":""},"categories":[50,11],"tags":[],"class_list":["post-116259","post","type-post","status-publish","format-standard","has-post-thumbnail","hentry","category-destaque","category-politica"],"_links":{"self":[{"href":"https:\/\/www.caririemacao.com\/1\/wp-json\/wp\/v2\/posts\/116259","targetHints":{"allow":["GET"]}}],"collection":[{"href":"https:\/\/www.caririemacao.com\/1\/wp-json\/wp\/v2\/posts"}],"about":[{"href":"https:\/\/www.caririemacao.com\/1\/wp-json\/wp\/v2\/types\/post"}],"author":[{"embeddable":true,"href":"https:\/\/www.caririemacao.com\/1\/wp-json\/wp\/v2\/users\/1"}],"replies":[{"embeddable":true,"href":"https:\/\/www.caririemacao.com\/1\/wp-json\/wp\/v2\/comments?post=116259"}],"version-history":[{"count":1,"href":"https:\/\/www.caririemacao.com\/1\/wp-json\/wp\/v2\/posts\/116259\/revisions"}],"predecessor-version":[{"id":116261,"href":"https:\/\/www.caririemacao.com\/1\/wp-json\/wp\/v2\/posts\/116259\/revisions\/116261"}],"wp:featuredmedia":[{"embeddable":true,"href":"https:\/\/www.caririemacao.com\/1\/wp-json\/wp\/v2\/media\/73733"}],"wp:attachment":[{"href":"https:\/\/www.caririemacao.com\/1\/wp-json\/wp\/v2\/media?parent=116259"}],"wp:term":[{"taxonomy":"category","embeddable":true,"href":"https:\/\/www.caririemacao.com\/1\/wp-json\/wp\/v2\/categories?post=116259"},{"taxonomy":"post_tag","embeddable":true,"href":"https:\/\/www.caririemacao.com\/1\/wp-json\/wp\/v2\/tags?post=116259"}],"curies":[{"name":"wp","href":"https:\/\/api.w.org\/{rel}","templated":true}]}}