{"id":116263,"date":"2019-09-13T14:49:54","date_gmt":"2019-09-13T17:49:54","guid":{"rendered":"http:\/\/www.caririemacao.com\/1\/?p=116263"},"modified":"2019-09-13T14:49:54","modified_gmt":"2019-09-13T17:49:54","slug":"prefeito-sandro-moco-busca-beneficios-para-camalau-junto-ao-governo-do-estado","status":"publish","type":"post","link":"https:\/\/www.caririemacao.com\/1\/2019\/09\/13\/prefeito-sandro-moco-busca-beneficios-para-camalau-junto-ao-governo-do-estado\/","title":{"rendered":"Prefeito Sandro M\u00f4co busca benef\u00edcios para Camala\u00fa junto ao governo do estado"},"content":{"rendered":"\n<p>Quando o assunto \u00e9 o desenvolvimento de Camala\u00fa, o prefeito Sandro M\u00f4co n\u00e3o veste camisa pol\u00edtica e prioriza o bem estar da popula\u00e7\u00e3o.<br><\/p>\n\n\n\n<figure class=\"wp-block-image\"><a href=\"https:\/\/scontent.fcpv1-1.fna.fbcdn.net\/v\/t1.0-9\/70365410_1727755244021505_6792046752020037632_n.jpg?_nc_cat=110&amp;_nc_oc=AQnyOZXYv3BmpXv_ZHPkCus_nwSBl__I7LAAdU3CoNUMN30D-diWGNzy4XYXaEo3Msg&amp;_nc_ht=scontent.fcpv1-1.fna&amp;oh=e8a1f12b23e09cfc558b3640c43acad6&amp;oe=5E10102B\"><img decoding=\"async\" data-src=\"https:\/\/scontent.fcpv1-1.fna.fbcdn.net\/v\/t1.0-9\/70365410_1727755244021505_6792046752020037632_n.jpg?_nc_cat=110&amp;_nc_oc=AQnyOZXYv3BmpXv_ZHPkCus_nwSBl__I7LAAdU3CoNUMN30D-diWGNzy4XYXaEo3Msg&amp;_nc_ht=scontent.fcpv1-1.fna&amp;oh=e8a1f12b23e09cfc558b3640c43acad6&amp;oe=5E10102B\" alt=\"A imagem pode conter: 6 pessoas, pessoas sorrindo, pessoas em p\u00c3\u00a9\" src=\"data:image\/svg+xml;base64,PHN2ZyB3aWR0aD0iMSIgaGVpZ2h0PSIxIiB4bWxucz0iaHR0cDovL3d3dy53My5vcmcvMjAwMC9zdmciPjwvc3ZnPg==\" class=\"lazyload\" \/><\/a><\/figure>\n\n\n\n<p>Foi com este objetivo, que o prefeito de Camala\u00fa esteve mais uma vez na capital paraibana mantendo audi\u00eancia com membros do governo do estado em busca de recursos e parcerias que v\u00e3o beneficiar a popula\u00e7\u00e3o camalauense.&nbsp;<br>A agenda do prefeito foi disponibilizada em parceria com o secret\u00e1rio de articula\u00e7\u00e3o pol\u00edtica do estado, deputado Jo\u00e3o Gon\u00e7alves.<br>\u201cO bem estar dos camalauenses \u00e9 prioridade. N\u00e3o tem bandeira pol\u00edtica. Na hora de fazer pol\u00edtica, faremos pol\u00edtica, mas neste momento o crescimento de Camala\u00fa \u00e9 nossa prioridade, e a parceria do governo do estado \u00e9 indispens\u00e1vel, independente de partido pol\u00edtico\u201d, afirmou o prefeito.<br><strong>F\u00c1BIO BRITO<\/strong><\/p>\n","protected":false},"excerpt":{"rendered":"<p>Quando o assunto \u00e9 o desenvolvimento de Camala\u00fa, o prefeito Sandro M\u00f4co n\u00e3o veste camisa pol\u00edtica e prioriza o bem estar da popula\u00e7\u00e3o. Foi com&hellip; <\/p>\n","protected":false},"author":1,"featured_media":116266,"comment_status":"closed","ping_status":"closed","sticky":false,"template":"","format":"standard","meta":{"sfsi_plus_gutenberg_text_before_share":"","sfsi_plus_gutenberg_show_text_before_share":"","sfsi_plus_gutenberg_icon_type":"","sfsi_plus_gutenberg_icon_alignemt":"","sfsi_plus_gutenburg_max_per_row":"","footnotes":""},"categories":[11],"tags":[],"class_list":["post-116263","post","type-post","status-publish","format-standard","has-post-thumbnail","hentry","category-politica"],"_links":{"self":[{"href":"https:\/\/www.caririemacao.com\/1\/wp-json\/wp\/v2\/posts\/116263","targetHints":{"allow":["GET"]}}],"collection":[{"href":"https:\/\/www.caririemacao.com\/1\/wp-json\/wp\/v2\/posts"}],"about":[{"href":"https:\/\/www.caririemacao.com\/1\/wp-json\/wp\/v2\/types\/post"}],"author":[{"embeddable":true,"href":"https:\/\/www.caririemacao.com\/1\/wp-json\/wp\/v2\/users\/1"}],"replies":[{"embeddable":true,"href":"https:\/\/www.caririemacao.com\/1\/wp-json\/wp\/v2\/comments?post=116263"}],"version-history":[{"count":1,"href":"https:\/\/www.caririemacao.com\/1\/wp-json\/wp\/v2\/posts\/116263\/revisions"}],"predecessor-version":[{"id":116267,"href":"https:\/\/www.caririemacao.com\/1\/wp-json\/wp\/v2\/posts\/116263\/revisions\/116267"}],"wp:featuredmedia":[{"embeddable":true,"href":"https:\/\/www.caririemacao.com\/1\/wp-json\/wp\/v2\/media\/116266"}],"wp:attachment":[{"href":"https:\/\/www.caririemacao.com\/1\/wp-json\/wp\/v2\/media?parent=116263"}],"wp:term":[{"taxonomy":"category","embeddable":true,"href":"https:\/\/www.caririemacao.com\/1\/wp-json\/wp\/v2\/categories?post=116263"},{"taxonomy":"post_tag","embeddable":true,"href":"https:\/\/www.caririemacao.com\/1\/wp-json\/wp\/v2\/tags?post=116263"}],"curies":[{"name":"wp","href":"https:\/\/api.w.org\/{rel}","templated":true}]}}