{"id":116274,"date":"2019-09-13T14:52:33","date_gmt":"2019-09-13T17:52:33","guid":{"rendered":"http:\/\/www.caririemacao.com\/1\/?p=116274"},"modified":"2019-09-13T14:52:33","modified_gmt":"2019-09-13T17:52:33","slug":"secretaria-de-assistencia-social-de-zabele-promoveu-na-tarde-desta-quinta-feira-12-um-encontro-educativo-sobre-violencia-domestica-e-sexual","status":"publish","type":"post","link":"https:\/\/www.caririemacao.com\/1\/2019\/09\/13\/secretaria-de-assistencia-social-de-zabele-promoveu-na-tarde-desta-quinta-feira-12-um-encontro-educativo-sobre-violencia-domestica-e-sexual\/","title":{"rendered":"Secretaria de assist\u00eancia social de Zabel\u00ea promoveu na tarde desta quinta-feira (12) um encontro educativo sobre Viol\u00eancia Dom\u00e9stica e Sexual"},"content":{"rendered":"\n<p>Em parceria com o Centro de Refer\u00eancia Intermunicipal de Atendimento \u00e0s Mulheres do Cariri, a Secretaria de Assist\u00eancia Social do Munic\u00edpio de Zabel\u00ea promoveu na tarde desta quinta-feira (12) um encontro educativo sobre Viol\u00eancia Dom\u00e9stica e Sexual.O evento aconteceu no audit\u00f3rio do CRAS, (Centro de Refer\u00eancia de Assist\u00eancia Social), ao t\u00e9rmino da palestra foi servido um cofffe break.Onde estiveram presentes os grupos do PAIF, a equipe do SCFV, a Secretaria de de Educa\u00e7\u00e3o, NASF entre outros.<\/p>\n\n\n\n<figure class=\"wp-block-image\"><a href=\"https:\/\/1.bp.blogspot.com\/-6G2ToTSMdpY\/XXroKVTMB-I\/AAAAAAAAmdA\/OQmld3nmxR4Mis97sUd50yl0Elx3GjPiACLcBGAsYHQ\/s1600\/69853516_500722564099974_3405836145773248512_n.jpg\"><img decoding=\"async\" data-src=\"https:\/\/1.bp.blogspot.com\/-6G2ToTSMdpY\/XXroKVTMB-I\/AAAAAAAAmdA\/OQmld3nmxR4Mis97sUd50yl0Elx3GjPiACLcBGAsYHQ\/s280\/69853516_500722564099974_3405836145773248512_n.jpg\" alt=\"\" src=\"data:image\/svg+xml;base64,PHN2ZyB3aWR0aD0iMSIgaGVpZ2h0PSIxIiB4bWxucz0iaHR0cDovL3d3dy53My5vcmcvMjAwMC9zdmciPjwvc3ZnPg==\" class=\"lazyload\" \/><\/a><\/figure>\n\n\n\n<figure class=\"wp-block-image\"><a href=\"https:\/\/1.bp.blogspot.com\/-hsktksjO9Nw\/XXroKxBAQyI\/AAAAAAAAmdE\/nGsiYdCQlHMjRpmwhJybvtAF8lsljb-2QCLcBGAsYHQ\/s1600\/69881845_500722847433279_7052222612247674880_n.jpg\"><img decoding=\"async\" data-src=\"https:\/\/1.bp.blogspot.com\/-hsktksjO9Nw\/XXroKxBAQyI\/AAAAAAAAmdE\/nGsiYdCQlHMjRpmwhJybvtAF8lsljb-2QCLcBGAsYHQ\/s280\/69881845_500722847433279_7052222612247674880_n.jpg\" alt=\"\" src=\"data:image\/svg+xml;base64,PHN2ZyB3aWR0aD0iMSIgaGVpZ2h0PSIxIiB4bWxucz0iaHR0cDovL3d3dy53My5vcmcvMjAwMC9zdmciPjwvc3ZnPg==\" class=\"lazyload\" \/><\/a><\/figure>\n\n\n\n<figure class=\"wp-block-image\"><a href=\"https:\/\/1.bp.blogspot.com\/-5sdeSQ_Rpe0\/XXroK2ul7UI\/AAAAAAAAmdI\/vpjaIEBdSzUnYyz5S_wT7AcrSdnePSmmgCLcBGAsYHQ\/s1600\/69907988_500722750766622_669800364559564800_n.jpg\"><img decoding=\"async\" data-src=\"https:\/\/1.bp.blogspot.com\/-5sdeSQ_Rpe0\/XXroK2ul7UI\/AAAAAAAAmdI\/vpjaIEBdSzUnYyz5S_wT7AcrSdnePSmmgCLcBGAsYHQ\/s280\/69907988_500722750766622_669800364559564800_n.jpg\" alt=\"\" src=\"data:image\/svg+xml;base64,PHN2ZyB3aWR0aD0iMSIgaGVpZ2h0PSIxIiB4bWxucz0iaHR0cDovL3d3dy53My5vcmcvMjAwMC9zdmciPjwvc3ZnPg==\" class=\"lazyload\" \/><\/a><\/figure>\n","protected":false},"excerpt":{"rendered":"<p>Em parceria com o Centro de Refer\u00eancia Intermunicipal de Atendimento \u00e0s Mulheres do Cariri, a Secretaria de Assist\u00eancia Social do Munic\u00edpio de Zabel\u00ea promoveu na&hellip; <\/p>\n","protected":false},"author":1,"featured_media":116276,"comment_status":"closed","ping_status":"closed","sticky":false,"template":"","format":"standard","meta":{"sfsi_plus_gutenberg_text_before_share":"","sfsi_plus_gutenberg_show_text_before_share":"","sfsi_plus_gutenberg_icon_type":"","sfsi_plus_gutenberg_icon_alignemt":"","sfsi_plus_gutenburg_max_per_row":"","footnotes":""},"categories":[6],"tags":[],"class_list":["post-116274","post","type-post","status-publish","format-standard","has-post-thumbnail","hentry","category-cidades"],"_links":{"self":[{"href":"https:\/\/www.caririemacao.com\/1\/wp-json\/wp\/v2\/posts\/116274","targetHints":{"allow":["GET"]}}],"collection":[{"href":"https:\/\/www.caririemacao.com\/1\/wp-json\/wp\/v2\/posts"}],"about":[{"href":"https:\/\/www.caririemacao.com\/1\/wp-json\/wp\/v2\/types\/post"}],"author":[{"embeddable":true,"href":"https:\/\/www.caririemacao.com\/1\/wp-json\/wp\/v2\/users\/1"}],"replies":[{"embeddable":true,"href":"https:\/\/www.caririemacao.com\/1\/wp-json\/wp\/v2\/comments?post=116274"}],"version-history":[{"count":1,"href":"https:\/\/www.caririemacao.com\/1\/wp-json\/wp\/v2\/posts\/116274\/revisions"}],"predecessor-version":[{"id":116277,"href":"https:\/\/www.caririemacao.com\/1\/wp-json\/wp\/v2\/posts\/116274\/revisions\/116277"}],"wp:featuredmedia":[{"embeddable":true,"href":"https:\/\/www.caririemacao.com\/1\/wp-json\/wp\/v2\/media\/116276"}],"wp:attachment":[{"href":"https:\/\/www.caririemacao.com\/1\/wp-json\/wp\/v2\/media?parent=116274"}],"wp:term":[{"taxonomy":"category","embeddable":true,"href":"https:\/\/www.caririemacao.com\/1\/wp-json\/wp\/v2\/categories?post=116274"},{"taxonomy":"post_tag","embeddable":true,"href":"https:\/\/www.caririemacao.com\/1\/wp-json\/wp\/v2\/tags?post=116274"}],"curies":[{"name":"wp","href":"https:\/\/api.w.org\/{rel}","templated":true}]}}