{"id":116282,"date":"2019-09-13T14:57:20","date_gmt":"2019-09-13T17:57:20","guid":{"rendered":"http:\/\/www.caririemacao.com\/1\/?p=116282"},"modified":"2019-09-13T14:57:20","modified_gmt":"2019-09-13T17:57:20","slug":"mec-anuncia-desbloqueio-de-3-182-bolsas-de-pos-graduacao-de-cursos-com-alta-avaliacao-em-todo-o-brasil","status":"publish","type":"post","link":"https:\/\/www.caririemacao.com\/1\/2019\/09\/13\/mec-anuncia-desbloqueio-de-3-182-bolsas-de-pos-graduacao-de-cursos-com-alta-avaliacao-em-todo-o-brasil\/","title":{"rendered":"MEC anuncia desbloqueio de 3.182 bolsas de p\u00f3s-gradua\u00e7\u00e3o de cursos com alta avalia\u00e7\u00e3o em todo o Brasil"},"content":{"rendered":"\n<p>O&nbsp;Minist\u00e9rio da Educa\u00e7\u00e3o (MEC) anunciou nesta quarta-feira (11) que vai desbloquear 3.182 bolsas de p\u00f3s-gradua\u00e7\u00e3o dos cursos mais bem avaliados pela Coordena\u00e7\u00e3o de Aperfei\u00e7oamento de Pessoal de N\u00edvel Superior (Capes) de todo o Brasil. A libera\u00e7\u00e3o custar vai R$ 22,4 milh\u00f5es no or\u00e7amento 2019 da pasta.<\/p>\n\n\n\n<p>Antes do an\u00fancio desta quarta-feira, o MEC e a Capes j\u00e1 tinham anunciado em tr\u00eas oportunidades o bloqueio, o congelamento ou o corte de 11.811 bolsas. Com a libera\u00e7\u00e3o das mais de 3 mil desta quarta, outras&nbsp;8.692 bolsas continuam suspensas.<\/p>\n\n\n\n<h2 class=\"wp-block-heading\"><strong>Etapas do bloqueio<\/strong><\/h2>\n\n\n\n<ul class=\"wp-block-list\"><li>Bloqueio de&nbsp;3.474 bolsas&nbsp;em 9 de maio<\/li><li>Bloqueio de&nbsp;2.724 bolsas&nbsp;para cursos com conceito nota 3 em 4 de junho<\/li><\/ul>\n\n\n\n<ul class=\"wp-block-list\"><li>\u201cCongelamento\u201d de&nbsp;5.613 bolsas&nbsp;durante a vig\u00eancia (4 anos) em 2 de setembro<\/li><li>Libera\u00e7\u00e3o de&nbsp;3.182 bolsas&nbsp;para cursos com notas 5, 6 e 7<\/li><\/ul>\n\n\n\n<p>Quando anunciou o bloqueio de 5 mil bolsas, a Capes informou que sua previs\u00e3o era ter metade do Or\u00e7amento de 2019 no pr\u00f3ximo ano. Agora, o MEC anuncia que vai incorporar mais R$ 600 milh\u00f5es para o Or\u00e7amento da Capes em 2020. Com isso, o valor total subir\u00e1 de R$ 2,45 bilh\u00f5es para cerca de R$ 3,05 bilh\u00f5es.<\/p>\n\n\n\n<p><em>Com Wscom<\/em><\/p>\n","protected":false},"excerpt":{"rendered":"<p>O&nbsp;Minist\u00e9rio da Educa\u00e7\u00e3o (MEC) anunciou nesta quarta-feira (11) que vai desbloquear 3.182 bolsas de p\u00f3s-gradua\u00e7\u00e3o dos cursos mais bem avaliados pela Coordena\u00e7\u00e3o de Aperfei\u00e7oamento de&hellip; <\/p>\n","protected":false},"author":1,"featured_media":25096,"comment_status":"closed","ping_status":"closed","sticky":false,"template":"","format":"standard","meta":{"sfsi_plus_gutenberg_text_before_share":"","sfsi_plus_gutenberg_show_text_before_share":"","sfsi_plus_gutenberg_icon_type":"","sfsi_plus_gutenberg_icon_alignemt":"","sfsi_plus_gutenburg_max_per_row":"","footnotes":""},"categories":[14],"tags":[],"class_list":["post-116282","post","type-post","status-publish","format-standard","has-post-thumbnail","hentry","category-educacao"],"_links":{"self":[{"href":"https:\/\/www.caririemacao.com\/1\/wp-json\/wp\/v2\/posts\/116282","targetHints":{"allow":["GET"]}}],"collection":[{"href":"https:\/\/www.caririemacao.com\/1\/wp-json\/wp\/v2\/posts"}],"about":[{"href":"https:\/\/www.caririemacao.com\/1\/wp-json\/wp\/v2\/types\/post"}],"author":[{"embeddable":true,"href":"https:\/\/www.caririemacao.com\/1\/wp-json\/wp\/v2\/users\/1"}],"replies":[{"embeddable":true,"href":"https:\/\/www.caririemacao.com\/1\/wp-json\/wp\/v2\/comments?post=116282"}],"version-history":[{"count":1,"href":"https:\/\/www.caririemacao.com\/1\/wp-json\/wp\/v2\/posts\/116282\/revisions"}],"predecessor-version":[{"id":116284,"href":"https:\/\/www.caririemacao.com\/1\/wp-json\/wp\/v2\/posts\/116282\/revisions\/116284"}],"wp:featuredmedia":[{"embeddable":true,"href":"https:\/\/www.caririemacao.com\/1\/wp-json\/wp\/v2\/media\/25096"}],"wp:attachment":[{"href":"https:\/\/www.caririemacao.com\/1\/wp-json\/wp\/v2\/media?parent=116282"}],"wp:term":[{"taxonomy":"category","embeddable":true,"href":"https:\/\/www.caririemacao.com\/1\/wp-json\/wp\/v2\/categories?post=116282"},{"taxonomy":"post_tag","embeddable":true,"href":"https:\/\/www.caririemacao.com\/1\/wp-json\/wp\/v2\/tags?post=116282"}],"curies":[{"name":"wp","href":"https:\/\/api.w.org\/{rel}","templated":true}]}}