{"id":116289,"date":"2019-09-13T15:02:03","date_gmt":"2019-09-13T18:02:03","guid":{"rendered":"http:\/\/www.caririemacao.com\/1\/?p=116289"},"modified":"2019-09-13T15:02:03","modified_gmt":"2019-09-13T18:02:03","slug":"veiculo-e-tomado-de-assalto-entre-sertania-e-pernambuquinho","status":"publish","type":"post","link":"https:\/\/www.caririemacao.com\/1\/2019\/09\/13\/veiculo-e-tomado-de-assalto-entre-sertania-e-pernambuquinho\/","title":{"rendered":"Ve\u00edculo \u00e9 tomado de assalto entre Sert\u00e2nia e Pernambuquinho"},"content":{"rendered":"\n<p>A madrugada desta quinta-feira, (12), na rodovia que liga Sert\u00e2nia a Pernambuquinho, na PE-265, foi bem movimentada pelos bandidos que, ap\u00f3s queimarem um carro uma&nbsp;CITROEN C3 90M,&nbsp;&nbsp;placa NQC 9711 PB, assaltaram um outro carro que passava pela mesma rodovia.<\/p>\n\n\n\n<p>Segundo a v\u00edtima&nbsp;Ailton Farias de Sousa o mesmo passava pela cidade de Sert\u00e2nia e estava indo para a cidade de Campina Grande, quando na sa\u00edda desta cidade, foi abordado por dois elementos que ainda estavam no carro queimado por eles, ao abordarem o obrigaram a seguir em dire\u00e7\u00e3o ao povoado de Pernambuquinho, \u00e0s margens do canal da transposi\u00e7\u00e3o.<\/p>\n\n\n\n<p>Conta ainda a v\u00edtima que em dado momento, eles colocaram fogo no carro e levaram o seu ve\u00edculo, deixando-o no meio do matagal, dizendo que ele andasse e chegasse a uma cidade pr\u00f3xima dal\u00ed.<\/p>\n\n\n\n<p>Ainda segundo a v\u00edtima os dois elementos armados levaram seu ve\u00edculo Frontier&nbsp; &nbsp;de cor branca, ano 2011, placa PER-1297. O mesmo, que reside em Serra Talhada, pede que se algu\u00e9m tiver not\u00edcia do seu carro entre em contato pelo celular (87) 9.96380052. Ele ainda informa que o telefone \u00e9 do seu filho, pois os bandidos levaram todos os pertences dele, inclusive, o seu celular.<\/p>\n\n\n\n<p>Com tribuna do moxot\u00f3<\/p>\n","protected":false},"excerpt":{"rendered":"<p>A madrugada desta quinta-feira, (12), na rodovia que liga Sert\u00e2nia a Pernambuquinho, na PE-265, foi bem movimentada pelos bandidos que, ap\u00f3s queimarem um carro uma&nbsp;CITROEN&hellip; <\/p>\n","protected":false},"author":1,"featured_media":116291,"comment_status":"closed","ping_status":"closed","sticky":false,"template":"","format":"standard","meta":{"sfsi_plus_gutenberg_text_before_share":"","sfsi_plus_gutenberg_show_text_before_share":"","sfsi_plus_gutenberg_icon_type":"","sfsi_plus_gutenberg_icon_alignemt":"","sfsi_plus_gutenburg_max_per_row":"","footnotes":""},"categories":[12],"tags":[],"class_list":["post-116289","post","type-post","status-publish","format-standard","has-post-thumbnail","hentry","category-policia"],"_links":{"self":[{"href":"https:\/\/www.caririemacao.com\/1\/wp-json\/wp\/v2\/posts\/116289","targetHints":{"allow":["GET"]}}],"collection":[{"href":"https:\/\/www.caririemacao.com\/1\/wp-json\/wp\/v2\/posts"}],"about":[{"href":"https:\/\/www.caririemacao.com\/1\/wp-json\/wp\/v2\/types\/post"}],"author":[{"embeddable":true,"href":"https:\/\/www.caririemacao.com\/1\/wp-json\/wp\/v2\/users\/1"}],"replies":[{"embeddable":true,"href":"https:\/\/www.caririemacao.com\/1\/wp-json\/wp\/v2\/comments?post=116289"}],"version-history":[{"count":1,"href":"https:\/\/www.caririemacao.com\/1\/wp-json\/wp\/v2\/posts\/116289\/revisions"}],"predecessor-version":[{"id":116292,"href":"https:\/\/www.caririemacao.com\/1\/wp-json\/wp\/v2\/posts\/116289\/revisions\/116292"}],"wp:featuredmedia":[{"embeddable":true,"href":"https:\/\/www.caririemacao.com\/1\/wp-json\/wp\/v2\/media\/116291"}],"wp:attachment":[{"href":"https:\/\/www.caririemacao.com\/1\/wp-json\/wp\/v2\/media?parent=116289"}],"wp:term":[{"taxonomy":"category","embeddable":true,"href":"https:\/\/www.caririemacao.com\/1\/wp-json\/wp\/v2\/categories?post=116289"},{"taxonomy":"post_tag","embeddable":true,"href":"https:\/\/www.caririemacao.com\/1\/wp-json\/wp\/v2\/tags?post=116289"}],"curies":[{"name":"wp","href":"https:\/\/api.w.org\/{rel}","templated":true}]}}