{"id":116300,"date":"2019-09-13T15:16:49","date_gmt":"2019-09-13T18:16:49","guid":{"rendered":"http:\/\/www.caririemacao.com\/1\/?p=116300"},"modified":"2019-09-13T15:16:49","modified_gmt":"2019-09-13T18:16:49","slug":"galdino-diz-que-primeiro-passo-para-reconciliacao-entre-joao-e-rc-e-ex-governador-reconhecer-erro","status":"publish","type":"post","link":"https:\/\/www.caririemacao.com\/1\/2019\/09\/13\/galdino-diz-que-primeiro-passo-para-reconciliacao-entre-joao-e-rc-e-ex-governador-reconhecer-erro\/","title":{"rendered":"Galdino diz que primeiro passo para reconcilia\u00e7\u00e3o entre Jo\u00e3o e RC \u00e9 ex-governador reconhecer erro"},"content":{"rendered":"\n<p>O presidente da Assembleia Legislativa da Para\u00edba (ALPB), Adriano Galdino (PSB), afirmou que o primeiro passo para uma reconcilia\u00e7\u00e3o entre o governador Jo\u00e3o Azev\u00eado (PSB) e o ex-governador Ricardo Coutinho (PSB) \u00e9 Ricardo admitir que errou e buscar o entendimento.<\/p>\n\n\n\n<p>\u201cPrimeiro, Ricardo tem que entender que errou. Ele tem que reconhecer o erro e procurar o governador [Jo\u00e3o Azev\u00eado] para buscar o entendimento\u201d, disse.<\/p>\n\n\n\n<p>Galdino garantiu que n\u00e3o v\u00ea nenhum problema em Ricardo presidir o PSB na Para\u00edba e que, inclusive, acha o cargo pequeno para a atual estatura do ex-governador. Para ele todo o problema esteve na forma como o processo foi conduzido.<\/p>\n\n\n\n<p>\u201cRicardo serve sim para ser presidente do partido. Eu acho at\u00e9 pequeno o cargo para ele. O que n\u00f3s n\u00e3o concordamos foi a maneira e o m\u00e9todo que ele utilizou para ser o presidente da legenda\u201d, observou.<\/p>\n","protected":false},"excerpt":{"rendered":"<p>O presidente da Assembleia Legislativa da Para\u00edba (ALPB), Adriano Galdino (PSB), afirmou que o primeiro passo para uma reconcilia\u00e7\u00e3o entre o governador Jo\u00e3o Azev\u00eado (PSB)&hellip; <\/p>\n","protected":false},"author":1,"featured_media":94143,"comment_status":"closed","ping_status":"closed","sticky":false,"template":"","format":"standard","meta":{"sfsi_plus_gutenberg_text_before_share":"","sfsi_plus_gutenberg_show_text_before_share":"","sfsi_plus_gutenberg_icon_type":"","sfsi_plus_gutenberg_icon_alignemt":"","sfsi_plus_gutenburg_max_per_row":"","footnotes":""},"categories":[11],"tags":[],"class_list":["post-116300","post","type-post","status-publish","format-standard","has-post-thumbnail","hentry","category-politica"],"_links":{"self":[{"href":"https:\/\/www.caririemacao.com\/1\/wp-json\/wp\/v2\/posts\/116300","targetHints":{"allow":["GET"]}}],"collection":[{"href":"https:\/\/www.caririemacao.com\/1\/wp-json\/wp\/v2\/posts"}],"about":[{"href":"https:\/\/www.caririemacao.com\/1\/wp-json\/wp\/v2\/types\/post"}],"author":[{"embeddable":true,"href":"https:\/\/www.caririemacao.com\/1\/wp-json\/wp\/v2\/users\/1"}],"replies":[{"embeddable":true,"href":"https:\/\/www.caririemacao.com\/1\/wp-json\/wp\/v2\/comments?post=116300"}],"version-history":[{"count":1,"href":"https:\/\/www.caririemacao.com\/1\/wp-json\/wp\/v2\/posts\/116300\/revisions"}],"predecessor-version":[{"id":116302,"href":"https:\/\/www.caririemacao.com\/1\/wp-json\/wp\/v2\/posts\/116300\/revisions\/116302"}],"wp:featuredmedia":[{"embeddable":true,"href":"https:\/\/www.caririemacao.com\/1\/wp-json\/wp\/v2\/media\/94143"}],"wp:attachment":[{"href":"https:\/\/www.caririemacao.com\/1\/wp-json\/wp\/v2\/media?parent=116300"}],"wp:term":[{"taxonomy":"category","embeddable":true,"href":"https:\/\/www.caririemacao.com\/1\/wp-json\/wp\/v2\/categories?post=116300"},{"taxonomy":"post_tag","embeddable":true,"href":"https:\/\/www.caririemacao.com\/1\/wp-json\/wp\/v2\/tags?post=116300"}],"curies":[{"name":"wp","href":"https:\/\/api.w.org\/{rel}","templated":true}]}}