{"id":116309,"date":"2019-09-13T15:20:27","date_gmt":"2019-09-13T18:20:27","guid":{"rendered":"http:\/\/www.caririemacao.com\/1\/?p=116309"},"modified":"2019-09-13T15:20:27","modified_gmt":"2019-09-13T18:20:27","slug":"avanca-no-senado-liberacao-do-bpc-a-mais-de-um-deficiente-na-familia","status":"publish","type":"post","link":"https:\/\/www.caririemacao.com\/1\/2019\/09\/13\/avanca-no-senado-liberacao-do-bpc-a-mais-de-um-deficiente-na-familia\/","title":{"rendered":"Avan\u00e7a no Senado libera\u00e7\u00e3o do BPC a mais de um deficiente na fam\u00edlia"},"content":{"rendered":"\n<p>O Senado est\u00e1 debatendo a proposta que permite que o Benef\u00edcio de Presta\u00e7\u00e3o Continuada (BPC) seja pago a mais de uma pessoa com defici\u00eancia na mesma fam\u00edlia. O projeto de lei (PL 3.260\/2019) que prev\u00ea a amplia\u00e7\u00e3o seguiu para Comiss\u00e3o de Assuntos Sociais (CAS), onde ser\u00e1 votado em car\u00e1ter terminativo. Isso quer dizer que se nenhum senador entrar com recurso para vota\u00e7\u00e3o da mat\u00e9ria tamb\u00e9m no plen\u00e1rio do Senado, o texto vai direto para an\u00e1lise da C\u00e2mara dos Deputados.<\/p>\n\n\n\n<p>Ontem, a proposta teve seu primeiro grande avan\u00e7o ao ser aprovada por unanimidade pela Comiss\u00e3o de Direitos Humanos (CDH) do Senado. Segundo a senadora Mara Gabrilli (PSDB-SP), autora da proposta, se o BPC de uma pessoa com defici\u00eancia for inclu\u00eddo no c\u00e1lculo da renda familiar per capita, um segundo membro da fam\u00edlia com deficiente n\u00e3o poderia receber o benef\u00edcio previsto na Lei Org\u00e2nica da Assist\u00eancia Social (Lei 8.742, de 1993- Loas). Mara quer acrescentar ao Estatuto da Pessoa com Defici\u00eancia (Lei 13.146, de 2015) a determina\u00e7\u00e3o de que o BPC recebido por qualquer membro da fam\u00edlia em raz\u00e3o de defici\u00eancia n\u00e3o seja computado na renda per capita da fam\u00edlia.<\/p>\n\n\n\n<p>Gabrilli destacou que o objetivo do projeto \u00e9 equiparar a situa\u00e7\u00e3o \u00e0 das pessoas idosas, mencionadas no art. 20 da Lei Org\u00e2nica da Assist\u00eancia Social ( Loas) , \u00e0s quais n\u00e3o \u00e9 negado o direito ao Benef\u00edcio de Presta\u00e7\u00e3o Continuada. Para a senadora, o benef\u00edcio \u00e9 direito de car\u00e1ter pessoal e tem origem na Constitui\u00e7\u00e3o, \u201cn\u00e3o podendo, portanto, haver pessoas com defici\u00eancia e que sejam economicamente hipossuficientes que n\u00e3o recebam\u201d.<\/p>\n\n\n\n<p>O senador Rom\u00e1rio (Podemos-RJ), relator da mat\u00e9ria na CDH, votou favoravelmente ao reconhecer que n\u00e3o h\u00e1 raz\u00e3o para que pessoas idosas e pessoas com defici\u00eancia n\u00e3o sejam tratadas da mesma forma, visto que sua prote\u00e7\u00e3o constitucional e legal \u00e9 a mesma \u2014 a Constitui\u00e7\u00e3o tem os mesmos prop\u00f3sitos para ambos os grupos sociais.<\/p>\n","protected":false},"excerpt":{"rendered":"<p>O Senado est\u00e1 debatendo a proposta que permite que o Benef\u00edcio de Presta\u00e7\u00e3o Continuada (BPC) seja pago a mais de uma pessoa com defici\u00eancia na&hellip; <\/p>\n","protected":false},"author":1,"featured_media":35905,"comment_status":"closed","ping_status":"closed","sticky":false,"template":"","format":"standard","meta":{"sfsi_plus_gutenberg_text_before_share":"","sfsi_plus_gutenberg_show_text_before_share":"","sfsi_plus_gutenberg_icon_type":"","sfsi_plus_gutenberg_icon_alignemt":"","sfsi_plus_gutenburg_max_per_row":"","footnotes":""},"categories":[11],"tags":[],"class_list":["post-116309","post","type-post","status-publish","format-standard","has-post-thumbnail","hentry","category-politica"],"_links":{"self":[{"href":"https:\/\/www.caririemacao.com\/1\/wp-json\/wp\/v2\/posts\/116309","targetHints":{"allow":["GET"]}}],"collection":[{"href":"https:\/\/www.caririemacao.com\/1\/wp-json\/wp\/v2\/posts"}],"about":[{"href":"https:\/\/www.caririemacao.com\/1\/wp-json\/wp\/v2\/types\/post"}],"author":[{"embeddable":true,"href":"https:\/\/www.caririemacao.com\/1\/wp-json\/wp\/v2\/users\/1"}],"replies":[{"embeddable":true,"href":"https:\/\/www.caririemacao.com\/1\/wp-json\/wp\/v2\/comments?post=116309"}],"version-history":[{"count":1,"href":"https:\/\/www.caririemacao.com\/1\/wp-json\/wp\/v2\/posts\/116309\/revisions"}],"predecessor-version":[{"id":116310,"href":"https:\/\/www.caririemacao.com\/1\/wp-json\/wp\/v2\/posts\/116309\/revisions\/116310"}],"wp:featuredmedia":[{"embeddable":true,"href":"https:\/\/www.caririemacao.com\/1\/wp-json\/wp\/v2\/media\/35905"}],"wp:attachment":[{"href":"https:\/\/www.caririemacao.com\/1\/wp-json\/wp\/v2\/media?parent=116309"}],"wp:term":[{"taxonomy":"category","embeddable":true,"href":"https:\/\/www.caririemacao.com\/1\/wp-json\/wp\/v2\/categories?post=116309"},{"taxonomy":"post_tag","embeddable":true,"href":"https:\/\/www.caririemacao.com\/1\/wp-json\/wp\/v2\/tags?post=116309"}],"curies":[{"name":"wp","href":"https:\/\/api.w.org\/{rel}","templated":true}]}}