{"id":116317,"date":"2019-09-13T15:58:53","date_gmt":"2019-09-13T18:58:53","guid":{"rendered":"http:\/\/www.caririemacao.com\/1\/?p=116317"},"modified":"2019-09-13T15:58:53","modified_gmt":"2019-09-13T18:58:53","slug":"definidos-os-locais-de-votacao-para-eleicao-do-conselho-tutelar-de-sume","status":"publish","type":"post","link":"https:\/\/www.caririemacao.com\/1\/2019\/09\/13\/definidos-os-locais-de-votacao-para-eleicao-do-conselho-tutelar-de-sume\/","title":{"rendered":"Definidos os locais de vota\u00e7\u00e3o para elei\u00e7\u00e3o do Conselho Tutelar de Sum\u00e9"},"content":{"rendered":"\n<p>A comiss\u00e3o especial eleitoral definiu os locais de vota\u00e7\u00e3o para a elei\u00e7\u00e3o dos candidatos ao Conselho Tutelar de Sum\u00e9. A elei\u00e7\u00e3o acontecer\u00e1 no dia 06 de outubro e ter\u00e1 cinco locais para vota\u00e7\u00e3o.<\/p>\n\n\n\n<p>S\u00e3o candidatos ao cargo de conselheiro tutelar no munic\u00edpio 13 pessoas, que passaram por prova de sufici\u00eancia e exame de sanidade mental para poder concorrer ao pleito.<\/p>\n\n\n\n<p>Ser\u00e3o eleitos cinco conselheiros tutelares e cinco suplentes. A popula\u00e7\u00e3o poder\u00e1 votar em at\u00e9 tr\u00eas candidatos.<\/p>\n\n\n\n<p>Os locais de vota\u00e7\u00e3o s\u00e3o os seguintes:<\/p>\n\n\n\n<table class=\"wp-block-table\"><tbody><tr><td><strong>EMEF PADRE PAULO ROBERTO DE OLIVEIRA<\/strong><\/td><\/tr><tr><td>Sala 1<\/td><td>Se\u00e7\u00f5es 20, 29, 30, 31 ,32, 62, 86 E 88<\/td><\/tr><tr><td><strong>UMEIEF JOS\u00c9 BONIF\u00c1CIO BARBOSA DE ANDRADE<\/strong><\/td><\/tr><tr><td>Sala 1<\/td><td>Se\u00e7\u00f5es 56, 57 e 58<\/td><\/tr><tr><td><strong>UMEIEF GON\u00c7ALVA RODRIGUES DE FREITAS<\/strong><\/td><\/tr><tr><td>Sala 1<\/td><td>Se\u00e7\u00f5es 65, 92 e 127<\/td><\/tr><tr><td><strong>UMEIEF PROFESSORA Z\u00c9LIA BRAZ VIEIRA DA SILVA<\/strong><\/td><\/tr><tr><td>Sala 1<\/td><td>Se\u00e7\u00f5es 63, 64 e 84<\/td><\/tr><tr><td><strong>UMEIEF MARIA LEITE RAFAEL<\/strong><\/td><\/tr><tr><td>Sala 1<\/td><td>Se\u00e7\u00f5es 23, 24, 35, 36, 38 e 39<\/td><\/tr><tr><td>Sala 2<\/td><td>Se\u00e7\u00f5es 40, 41, 42, 43, 44 e 47<\/td><\/tr><tr><td>Sala 3<\/td><td>Se\u00e7\u00f5es 48, 49, 50, 51, 59 e 61<\/td><\/tr><tr><td>Sala 4<\/td><td>Se\u00e7\u00f5es 25, 26, 27, 28, 37, 45, 89 e 91<\/td><\/tr><tr><td>Sala 5<\/td><td>Se\u00e7\u00f5es 33, 34, 46 e 60<\/td><\/tr><tr><td>Sala 6<\/td><td>Se\u00e7\u00f5es 67, 85, 95 e 101<\/td><\/tr><\/tbody><\/table>\n\n\n\n<p>Ascom PMS<\/p>\n","protected":false},"excerpt":{"rendered":"<p>A comiss\u00e3o especial eleitoral definiu os locais de vota\u00e7\u00e3o para a elei\u00e7\u00e3o dos candidatos ao Conselho Tutelar de Sum\u00e9. A elei\u00e7\u00e3o acontecer\u00e1 no dia 06&hellip; <\/p>\n","protected":false},"author":1,"featured_media":80961,"comment_status":"closed","ping_status":"closed","sticky":false,"template":"","format":"standard","meta":{"sfsi_plus_gutenberg_text_before_share":"","sfsi_plus_gutenberg_show_text_before_share":"","sfsi_plus_gutenberg_icon_type":"","sfsi_plus_gutenberg_icon_alignemt":"","sfsi_plus_gutenburg_max_per_row":"","footnotes":""},"categories":[2],"tags":[],"class_list":["post-116317","post","type-post","status-publish","format-standard","has-post-thumbnail","hentry","category-geral"],"_links":{"self":[{"href":"https:\/\/www.caririemacao.com\/1\/wp-json\/wp\/v2\/posts\/116317","targetHints":{"allow":["GET"]}}],"collection":[{"href":"https:\/\/www.caririemacao.com\/1\/wp-json\/wp\/v2\/posts"}],"about":[{"href":"https:\/\/www.caririemacao.com\/1\/wp-json\/wp\/v2\/types\/post"}],"author":[{"embeddable":true,"href":"https:\/\/www.caririemacao.com\/1\/wp-json\/wp\/v2\/users\/1"}],"replies":[{"embeddable":true,"href":"https:\/\/www.caririemacao.com\/1\/wp-json\/wp\/v2\/comments?post=116317"}],"version-history":[{"count":1,"href":"https:\/\/www.caririemacao.com\/1\/wp-json\/wp\/v2\/posts\/116317\/revisions"}],"predecessor-version":[{"id":116319,"href":"https:\/\/www.caririemacao.com\/1\/wp-json\/wp\/v2\/posts\/116317\/revisions\/116319"}],"wp:featuredmedia":[{"embeddable":true,"href":"https:\/\/www.caririemacao.com\/1\/wp-json\/wp\/v2\/media\/80961"}],"wp:attachment":[{"href":"https:\/\/www.caririemacao.com\/1\/wp-json\/wp\/v2\/media?parent=116317"}],"wp:term":[{"taxonomy":"category","embeddable":true,"href":"https:\/\/www.caririemacao.com\/1\/wp-json\/wp\/v2\/categories?post=116317"},{"taxonomy":"post_tag","embeddable":true,"href":"https:\/\/www.caririemacao.com\/1\/wp-json\/wp\/v2\/tags?post=116317"}],"curies":[{"name":"wp","href":"https:\/\/api.w.org\/{rel}","templated":true}]}}