{"id":116334,"date":"2019-09-14T06:01:16","date_gmt":"2019-09-14T09:01:16","guid":{"rendered":"http:\/\/www.caririemacao.com\/1\/?p=116334"},"modified":"2019-09-14T06:01:16","modified_gmt":"2019-09-14T09:01:16","slug":"homem-esfaqueou-dono-de-bar-porque-queria-gravacao-com-imagens-de-batida-entre-carros","status":"publish","type":"post","link":"https:\/\/www.caririemacao.com\/1\/2019\/09\/14\/homem-esfaqueou-dono-de-bar-porque-queria-gravacao-com-imagens-de-batida-entre-carros\/","title":{"rendered":"Homem esfaqueou dono de bar porque queria grava\u00e7\u00e3o com imagens de batida entre carros"},"content":{"rendered":"\n<p>O suspeito de esfaquear o dono de um bar no bairro das Malvinas, em Campina Grande, na madrugada desta sexta-feira (13), teria cometido o crime porque queria as imagens do v\u00eddeo que mostrasse uma batida entre carros. O homem queria saber quem teria batido em seu ve\u00edculo.<\/p>\n\n\n\n<ul class=\"wp-block-list\"><li><a href=\"https:\/\/www.clickpb.com.br\/Policial\/homem-e-esfaqueado-apos-dicussao-e-e-internado-em-estado-grave-no-trauma-267763.html\">Homem \u00e9 esfaqueado ap\u00f3s discuss\u00e3o e \u00e9 internado em estado grave no Trauma<\/a><\/li><\/ul>\n\n\n\n<p>De acordo com o relato feito por testemunhas \u00e0 pol\u00edcia, o suspeito iniciou a confus\u00e3o porque n\u00e3o se conformava em n\u00e3o ter acesso \u00e0s imagens. Ainda segundo os depoimentos, o dono do espetinho alegou que n\u00e3o tinha como ceder o v\u00eddeo porque a transmiss\u00e3o que fazia era em tempo real e as c\u00e2meras n\u00e3o deixavam nada gravado.<\/p>\n\n\n\n<p>Ap\u00f3s a discuss\u00e3o, o suspeito retornou ao local e esfaqueou a v\u00edtima que est\u00e1 internada em estado grave no Hospital de Emerg\u00eancia e Trauma de Campina Grande. Ele foi preso e est\u00e1 na Central de Pol\u00edcia onde ficar\u00e1 aguardando audi\u00eancia de cust\u00f3dia para saber se responde ao crime em liberdade ou se ser\u00e1 encaminhando para algum pres\u00eddio.<\/p>\n","protected":false},"excerpt":{"rendered":"<p>O suspeito de esfaquear o dono de um bar no bairro das Malvinas, em Campina Grande, na madrugada desta sexta-feira (13), teria cometido o crime&hellip; <\/p>\n","protected":false},"author":1,"featured_media":105260,"comment_status":"closed","ping_status":"closed","sticky":false,"template":"","format":"standard","meta":{"sfsi_plus_gutenberg_text_before_share":"","sfsi_plus_gutenberg_show_text_before_share":"","sfsi_plus_gutenberg_icon_type":"","sfsi_plus_gutenberg_icon_alignemt":"","sfsi_plus_gutenburg_max_per_row":"","footnotes":""},"categories":[12],"tags":[],"class_list":["post-116334","post","type-post","status-publish","format-standard","has-post-thumbnail","hentry","category-policia"],"_links":{"self":[{"href":"https:\/\/www.caririemacao.com\/1\/wp-json\/wp\/v2\/posts\/116334","targetHints":{"allow":["GET"]}}],"collection":[{"href":"https:\/\/www.caririemacao.com\/1\/wp-json\/wp\/v2\/posts"}],"about":[{"href":"https:\/\/www.caririemacao.com\/1\/wp-json\/wp\/v2\/types\/post"}],"author":[{"embeddable":true,"href":"https:\/\/www.caririemacao.com\/1\/wp-json\/wp\/v2\/users\/1"}],"replies":[{"embeddable":true,"href":"https:\/\/www.caririemacao.com\/1\/wp-json\/wp\/v2\/comments?post=116334"}],"version-history":[{"count":1,"href":"https:\/\/www.caririemacao.com\/1\/wp-json\/wp\/v2\/posts\/116334\/revisions"}],"predecessor-version":[{"id":116337,"href":"https:\/\/www.caririemacao.com\/1\/wp-json\/wp\/v2\/posts\/116334\/revisions\/116337"}],"wp:featuredmedia":[{"embeddable":true,"href":"https:\/\/www.caririemacao.com\/1\/wp-json\/wp\/v2\/media\/105260"}],"wp:attachment":[{"href":"https:\/\/www.caririemacao.com\/1\/wp-json\/wp\/v2\/media?parent=116334"}],"wp:term":[{"taxonomy":"category","embeddable":true,"href":"https:\/\/www.caririemacao.com\/1\/wp-json\/wp\/v2\/categories?post=116334"},{"taxonomy":"post_tag","embeddable":true,"href":"https:\/\/www.caririemacao.com\/1\/wp-json\/wp\/v2\/tags?post=116334"}],"curies":[{"name":"wp","href":"https:\/\/api.w.org\/{rel}","templated":true}]}}