{"id":116350,"date":"2019-09-14T06:05:25","date_gmt":"2019-09-14T09:05:25","guid":{"rendered":"http:\/\/www.caririemacao.com\/1\/?p=116350"},"modified":"2019-09-14T06:05:25","modified_gmt":"2019-09-14T09:05:25","slug":"vereador-e-assassinado-a-tiros-apos-ocorrencia-de-assalto-no-sertao-do-estado","status":"publish","type":"post","link":"https:\/\/www.caririemacao.com\/1\/2019\/09\/14\/vereador-e-assassinado-a-tiros-apos-ocorrencia-de-assalto-no-sertao-do-estado\/","title":{"rendered":"Vereador \u00e9 assassinado a tiros ap\u00f3s ocorr\u00eancia de assalto no Sert\u00e3o do Estado"},"content":{"rendered":"\n<p>O\u00a0vereador da cidade de S\u00e3o Jos\u00e9 de Piranhas, no Sert\u00e3o do Estado, foi assassinado a tiros na noite desta sexta-feira (13). De acordo com as primeiras informa\u00e7\u00f5es, ele foi baleado por dois homens que haviam roubado uma motocicleta.<\/p>\n\n\n\n<p>Ronaldo da Cunha, de 40 anos de idade, al\u00e9m de vereador era policial militar reformado.<\/p>\n\n\n\n<p>Segundo informa\u00e7\u00f5es colhidas pela pol\u00edcia, dois homens haviam roubado uma moto no bairro S\u00e3o Sebasti\u00e3o. Durante a fuga, teriam atropelado uma crian\u00e7a no Centro da cidade. O vereador teria tentado socorrer a crian\u00e7a atropelada, mas acabou sendo baleado no t\u00f3rax.<\/p>\n\n\n\n<p>Apesar de ter sido socorrido e levado para o hospital da cidade, Ronaldo n\u00e3o resistiu aos ferimentos e acabou morrendo. O vereador havia sido eleito para o mandato em 2016, ao conquistar 610 votos.<\/p>\n\n\n\n<p>Ainda de acordo com informa\u00e7\u00f5es da pol\u00edcia, dois adolescentes suspeitos do crime foram detidos e encaminhados at\u00e9 a Delegacia de Pol\u00edcia Civil.<\/p>\n","protected":false},"excerpt":{"rendered":"<p>O\u00a0vereador da cidade de S\u00e3o Jos\u00e9 de Piranhas, no Sert\u00e3o do Estado, foi assassinado a tiros na noite desta sexta-feira (13). De acordo com as&hellip; <\/p>\n","protected":false},"author":1,"featured_media":116352,"comment_status":"closed","ping_status":"closed","sticky":false,"template":"","format":"standard","meta":{"sfsi_plus_gutenberg_text_before_share":"","sfsi_plus_gutenberg_show_text_before_share":"","sfsi_plus_gutenberg_icon_type":"","sfsi_plus_gutenberg_icon_alignemt":"","sfsi_plus_gutenburg_max_per_row":"","footnotes":""},"categories":[12],"tags":[],"class_list":["post-116350","post","type-post","status-publish","format-standard","has-post-thumbnail","hentry","category-policia"],"_links":{"self":[{"href":"https:\/\/www.caririemacao.com\/1\/wp-json\/wp\/v2\/posts\/116350","targetHints":{"allow":["GET"]}}],"collection":[{"href":"https:\/\/www.caririemacao.com\/1\/wp-json\/wp\/v2\/posts"}],"about":[{"href":"https:\/\/www.caririemacao.com\/1\/wp-json\/wp\/v2\/types\/post"}],"author":[{"embeddable":true,"href":"https:\/\/www.caririemacao.com\/1\/wp-json\/wp\/v2\/users\/1"}],"replies":[{"embeddable":true,"href":"https:\/\/www.caririemacao.com\/1\/wp-json\/wp\/v2\/comments?post=116350"}],"version-history":[{"count":1,"href":"https:\/\/www.caririemacao.com\/1\/wp-json\/wp\/v2\/posts\/116350\/revisions"}],"predecessor-version":[{"id":116353,"href":"https:\/\/www.caririemacao.com\/1\/wp-json\/wp\/v2\/posts\/116350\/revisions\/116353"}],"wp:featuredmedia":[{"embeddable":true,"href":"https:\/\/www.caririemacao.com\/1\/wp-json\/wp\/v2\/media\/116352"}],"wp:attachment":[{"href":"https:\/\/www.caririemacao.com\/1\/wp-json\/wp\/v2\/media?parent=116350"}],"wp:term":[{"taxonomy":"category","embeddable":true,"href":"https:\/\/www.caririemacao.com\/1\/wp-json\/wp\/v2\/categories?post=116350"},{"taxonomy":"post_tag","embeddable":true,"href":"https:\/\/www.caririemacao.com\/1\/wp-json\/wp\/v2\/tags?post=116350"}],"curies":[{"name":"wp","href":"https:\/\/api.w.org\/{rel}","templated":true}]}}