{"id":116382,"date":"2019-09-14T06:13:51","date_gmt":"2019-09-14T09:13:51","guid":{"rendered":"http:\/\/www.caririemacao.com\/1\/?p=116382"},"modified":"2019-09-14T06:13:51","modified_gmt":"2019-09-14T09:13:51","slug":"homem-e-encontrado-morto-em-terreno-baldio-proximo-ao-ifpb","status":"publish","type":"post","link":"https:\/\/www.caririemacao.com\/1\/2019\/09\/14\/homem-e-encontrado-morto-em-terreno-baldio-proximo-ao-ifpb\/","title":{"rendered":"Homem \u00e9 encontrado morto em terreno baldio pr\u00f3ximo ao IFPB"},"content":{"rendered":"\n<p>Um homem foi encontrado morto em um terreno baldio pr\u00f3ximo ao Instituto Federal da Para\u00edba (IFPB), \u00e0s margens da rodovia estadual que d\u00e1 acesso ao munic\u00edpio de Areial, no Agreste paraibano.<\/p>\n\n\n\n<p>Jefferson Diniz, de 36 anos, era detendo do regime semi-aberto da Cadeia P\u00fablica de Esperan\u00e7a e cumpria pena por envolvimento com drogas.<\/p>\n\n\n\n<p>O corpo da v\u00edtima apresentava diversas marcas de tiros. Ainda n\u00e3o h\u00e1 informa\u00e7\u00f5es a respeito da autoria ou motiva\u00e7\u00e3o do crime.<\/p>\n","protected":false},"excerpt":{"rendered":"<p>Um homem foi encontrado morto em um terreno baldio pr\u00f3ximo ao Instituto Federal da Para\u00edba (IFPB), \u00e0s margens da rodovia estadual que d\u00e1 acesso ao&hellip; <\/p>\n","protected":false},"author":1,"featured_media":116384,"comment_status":"closed","ping_status":"closed","sticky":false,"template":"","format":"standard","meta":{"sfsi_plus_gutenberg_text_before_share":"","sfsi_plus_gutenberg_show_text_before_share":"","sfsi_plus_gutenberg_icon_type":"","sfsi_plus_gutenberg_icon_alignemt":"","sfsi_plus_gutenburg_max_per_row":"","footnotes":""},"categories":[12],"tags":[],"class_list":["post-116382","post","type-post","status-publish","format-standard","has-post-thumbnail","hentry","category-policia"],"_links":{"self":[{"href":"https:\/\/www.caririemacao.com\/1\/wp-json\/wp\/v2\/posts\/116382","targetHints":{"allow":["GET"]}}],"collection":[{"href":"https:\/\/www.caririemacao.com\/1\/wp-json\/wp\/v2\/posts"}],"about":[{"href":"https:\/\/www.caririemacao.com\/1\/wp-json\/wp\/v2\/types\/post"}],"author":[{"embeddable":true,"href":"https:\/\/www.caririemacao.com\/1\/wp-json\/wp\/v2\/users\/1"}],"replies":[{"embeddable":true,"href":"https:\/\/www.caririemacao.com\/1\/wp-json\/wp\/v2\/comments?post=116382"}],"version-history":[{"count":1,"href":"https:\/\/www.caririemacao.com\/1\/wp-json\/wp\/v2\/posts\/116382\/revisions"}],"predecessor-version":[{"id":116385,"href":"https:\/\/www.caririemacao.com\/1\/wp-json\/wp\/v2\/posts\/116382\/revisions\/116385"}],"wp:featuredmedia":[{"embeddable":true,"href":"https:\/\/www.caririemacao.com\/1\/wp-json\/wp\/v2\/media\/116384"}],"wp:attachment":[{"href":"https:\/\/www.caririemacao.com\/1\/wp-json\/wp\/v2\/media?parent=116382"}],"wp:term":[{"taxonomy":"category","embeddable":true,"href":"https:\/\/www.caririemacao.com\/1\/wp-json\/wp\/v2\/categories?post=116382"},{"taxonomy":"post_tag","embeddable":true,"href":"https:\/\/www.caririemacao.com\/1\/wp-json\/wp\/v2\/tags?post=116382"}],"curies":[{"name":"wp","href":"https:\/\/api.w.org\/{rel}","templated":true}]}}