{"id":116396,"date":"2019-09-14T06:16:08","date_gmt":"2019-09-14T09:16:08","guid":{"rendered":"http:\/\/www.caririemacao.com\/1\/?p=116396"},"modified":"2019-09-14T06:16:08","modified_gmt":"2019-09-14T09:16:08","slug":"bolsonaro-diz-que-parte-da-grande-imprensa-e-inimiga","status":"publish","type":"post","link":"https:\/\/www.caririemacao.com\/1\/2019\/09\/14\/bolsonaro-diz-que-parte-da-grande-imprensa-e-inimiga\/","title":{"rendered":"Bolsonaro diz que parte da &#8216;grande imprensa&#8217; \u00e9 inimiga"},"content":{"rendered":"\n<p>O presidente Jair Bolsonaro (PSL) afirmou nesta sexta-feira (13) que &#8220;parte da grande impressa&#8221; \u00e9 inimiga dele.&nbsp;<\/p>\n\n\n\n<p>&#8220;Enquanto lutamos entre n\u00f3s o inimigo se fortalece. N\u00e3o temos como agradar a todos, vasculham minha vida e de minha fam\u00edlia desde 1988, quando me elegi vereador&#8221;, escreveu em redes sociais.<\/p>\n\n\n\n<p>&#8220;Nossa inimiga: parte da GRANDE IMPRENSA. Ela n\u00e3o nos deixar\u00e1 em paz. Se acreditarmos nela ser\u00e1 o fim de todos&#8221;, afirmou o presidente.<\/p>\n\n\n\n<p>No Facebook, a postagem foi acompanhada de um v\u00eddeo que mostra dois animais selvagens, que se parecem com cervos, se engalfinhando, at\u00e9 que um predador se aproxima e ataca um deles.<\/p>\n\n\n\n<p>Em outro texto, o presidente criticou a revista \u00c9poca por uma reportagem sobre a mulher do deputado federal Eduardo Bolsonaro (PSL-SP), seu filho.<\/p>\n\n\n\n<p>Em mensagem nas redes sociais, ele escreveu que o conte\u00fado \u00e9 o exemplo de uma &#8220;imprensa sem limites&#8221; e atacou nominalmente o autor do material, acusando-o de ter quebrado uma regra \u00e9tica.<\/p>\n\n\n\n<p>A reportagem publicada pela revista relata as conversas entre o rep\u00f3rter e a psic\u00f3loga e coach de carreira Helo\u00edsa Wolf Bolsonaro durante um m\u00eas no qual o jornalista foi aluno dela.<\/p>\n\n\n\n<p>&#8220;[Ele] fez sess\u00f5es com minha nora Helo\u00edsa (psic\u00f3loga, esposa do Eduardo) e gravou tudo. O que deveria ficar apenas entre os dois, por quest\u00e3o de \u00e9tica, agora vem a p\u00fablico&#8221;, criticou o presidente.<\/p>\n\n\n\n<p>Eduardo afirmou em rede social que vai processar o jornalista autor da reportagem e &#8220;muito provavelmente a revista \u00c9poca\/Grupo Globo devido \u00e0 divulga\u00e7\u00e3o deste not\u00f3rio crime contra minha fam\u00edlia&#8221;.<\/p>\n\n\n\n<p>Em nota p\u00fablica, o Pal\u00e1cio do Planalto lamentou a reportagem e disse que a revista tentou, por meio do trabalho prestado pela psic\u00f3loga, &#8220;distorcer informa\u00e7\u00f5es apuradas com o \u00fanico objetivo de atacar a fam\u00edlia Bolsonaro&#8221;.<\/p>\n\n\n\n<p>&#8220;Agir de m\u00e1-f\u00e9 e direcionar o resultado de uma situa\u00e7\u00e3o programada n\u00e3o correspondem ao exerc\u00edcio do jornalismo correto e \u00edntegro da m\u00eddia brasileira&#8221;, ressaltou a nota do Planalto.<\/p>\n\n\n\n<p>N\u00e3o \u00e9 a primeira vez que o presidente ataca a imprensa por n\u00e3o gostar do resultado de reportagens. No m\u00eas passado, ele disse que o Brasil vai enfrentar problemas pela &#8220;irresponsabilidade da imprensa&#8221;.<\/p>\n\n\n\n<p>&#8220;O Brasil vai chegar \u00e0 situa\u00e7\u00e3o da Venezuela. \u00c9 isso que a grande parte da grande imprensa brasileira quer. E fica o tempo todo de picuinha, fazendo campanha contra o Brasil&#8221;, disse Bolsonaro.<\/p>\n","protected":false},"excerpt":{"rendered":"<p>O presidente Jair Bolsonaro (PSL) afirmou nesta sexta-feira (13) que &#8220;parte da grande impressa&#8221; \u00e9 inimiga dele.&nbsp; &#8220;Enquanto lutamos entre n\u00f3s o inimigo se fortalece.&hellip; <\/p>\n","protected":false},"author":1,"featured_media":110902,"comment_status":"closed","ping_status":"closed","sticky":false,"template":"","format":"standard","meta":{"sfsi_plus_gutenberg_text_before_share":"","sfsi_plus_gutenberg_show_text_before_share":"","sfsi_plus_gutenberg_icon_type":"","sfsi_plus_gutenberg_icon_alignemt":"","sfsi_plus_gutenburg_max_per_row":"","footnotes":""},"categories":[11],"tags":[],"class_list":["post-116396","post","type-post","status-publish","format-standard","has-post-thumbnail","hentry","category-politica"],"_links":{"self":[{"href":"https:\/\/www.caririemacao.com\/1\/wp-json\/wp\/v2\/posts\/116396","targetHints":{"allow":["GET"]}}],"collection":[{"href":"https:\/\/www.caririemacao.com\/1\/wp-json\/wp\/v2\/posts"}],"about":[{"href":"https:\/\/www.caririemacao.com\/1\/wp-json\/wp\/v2\/types\/post"}],"author":[{"embeddable":true,"href":"https:\/\/www.caririemacao.com\/1\/wp-json\/wp\/v2\/users\/1"}],"replies":[{"embeddable":true,"href":"https:\/\/www.caririemacao.com\/1\/wp-json\/wp\/v2\/comments?post=116396"}],"version-history":[{"count":1,"href":"https:\/\/www.caririemacao.com\/1\/wp-json\/wp\/v2\/posts\/116396\/revisions"}],"predecessor-version":[{"id":116398,"href":"https:\/\/www.caririemacao.com\/1\/wp-json\/wp\/v2\/posts\/116396\/revisions\/116398"}],"wp:featuredmedia":[{"embeddable":true,"href":"https:\/\/www.caririemacao.com\/1\/wp-json\/wp\/v2\/media\/110902"}],"wp:attachment":[{"href":"https:\/\/www.caririemacao.com\/1\/wp-json\/wp\/v2\/media?parent=116396"}],"wp:term":[{"taxonomy":"category","embeddable":true,"href":"https:\/\/www.caririemacao.com\/1\/wp-json\/wp\/v2\/categories?post=116396"},{"taxonomy":"post_tag","embeddable":true,"href":"https:\/\/www.caririemacao.com\/1\/wp-json\/wp\/v2\/tags?post=116396"}],"curies":[{"name":"wp","href":"https:\/\/api.w.org\/{rel}","templated":true}]}}