{"id":116411,"date":"2019-09-14T06:19:26","date_gmt":"2019-09-14T09:19:26","guid":{"rendered":"http:\/\/www.caririemacao.com\/1\/?p=116411"},"modified":"2019-09-14T06:19:26","modified_gmt":"2019-09-14T09:19:26","slug":"primeira-sexta-feira-13-do-ano-com-noite-de-lua-cheia-pode-ser-perigosa-alerta-tarologa","status":"publish","type":"post","link":"https:\/\/www.caririemacao.com\/1\/2019\/09\/14\/primeira-sexta-feira-13-do-ano-com-noite-de-lua-cheia-pode-ser-perigosa-alerta-tarologa\/","title":{"rendered":"Primeira sexta-feira 13 do ano com noite de lua cheia pode ser perigosa, alerta tar\u00f3loga"},"content":{"rendered":"\n<p>Hoje \u00e9 aquele dia para deixar qualquer supersticioso atento. Al\u00e9m desta sexta-feira cair no dia 13, a noite ser\u00e1 de lua cheia \u2014 jun\u00e7\u00e3o m\u00edstica que ocorreu pela \u00faltima vez em outubro de 2000, h\u00e1 quase 20 anos, e que voltar\u00e1 a acontecer s\u00f3 em agosto de 2049. Neste dia, h\u00e1 quem n\u00e3o saia de casa com medo de acontecer alguma coisa terr\u00edvel na rua. Para algumas pessoas, cruzar com gato preto \u00e9 sinal claro de mau agouro. Para outras, sal grosso e trevo de quatro folhas s\u00e3o itens certos.<\/p>\n\n\n\n<p>\u2014 J\u00e1 quebrei espelho em casa e joguei fora na mesma hora. Com essas coisas n\u00e3o se brinca, n\u00e3o. Amanh\u00e3 vou vestir minha camisa branca com a palavra &#8220;f\u00e9&#8221; estampada. \u00c9 um dia de energias pesadas \u2014 conta a vendedora Rizelda Nascimento, de 34 anos, da Ledo 79.<\/p>\n\n\n\n<p>Astr\u00f3loga oficial do EXTRA, Gl\u00f3ria Britho afirma que a jun\u00e7\u00e3o entre a lua cheia e a sexta-feira 13 pode ser perigosa. Segundo ela, essa fase lunar emite mais energias e magnetismo sobre a Terra, provocando mais euforia e maximizando os sentimentos. Por isso, quem acredita na negatividade da data pode ter as sensa\u00e7\u00f5es ampliadas.<br><\/p>\n\n\n\n<p>\u2014 Se a pessoa emana de forma negativa nesta data, pode ser que isso seja ainda mais forte. No entanto, \u00e9 uma lua adequada para expor as coisas boas que voc\u00ea quer e deseja, dar mais visibilidade aos projetos pessoais e aos sentimentos. O meu conselho \u00e9 sair \u00e0 rua com pensamentos mais otimistas para se sentir mais seguro e amparado. H\u00e1 povos que acreditam que o n\u00famero 13 \u00e9 sinal de boa sorte.<\/p>\n\n\n\n<p>Na Saara, tradicional centro comercial popular no Centro do Rio, um mascote chama a aten\u00e7\u00e3o de quem passa todo dia pela regi\u00e3o. \u00c9 o gato preto Tom, bichano de estima\u00e7\u00e3o do propriet\u00e1rio da Dimona, Luiz Blumberg, de 55 anos, na Rua Senhor dos Passos, que adora passear pelas ruas do com\u00e9rcio e, com carisma e do\u00e7ura, tenta por fim ao estigma de que gatos pretos d\u00e3o azar. Nos dias de frio, Tom veste o uniforme de vendedor confeccionado especialmente para ele.<\/p>\n\n\n\n<p>\u2014 Ai, meu Deus! Amanh\u00e3 (sexta-feira) \u00e9 dia de esconder o meu beb\u00ea. Ainda h\u00e1 muito preconceito contra gato preto \u2014 lamenta a secret\u00e1ria Marlene Bravin Ara\u00fajo, de 52 anos, que trabalha h\u00e1 29 anos na loja e \u00e9 a respons\u00e1vel por cuidar do Tom: \u2014 Ele me escolheu como cuidadora.<\/p>\n\n\n\n<p>Mas h\u00e1 quem n\u00e3o acredite na influ\u00eancia da data. A vendedora Sheila Meire, de 24 anos, trabalha na loja Ledo 79 e sempre ouve amigos e familiares falarem sobre as supersti\u00e7\u00f5es, como n\u00e3o passar embaixo de escadas ou evitar cruzar o caminho com gatos pretos, mas n\u00e3o d\u00e1 ouvidos aos conselhos. Quem tamb\u00e9m n\u00e3o liga para a data \u00e9 a comerci\u00e1ria Larissa Soares, de 22 anos, que se diz c\u00e9tica no assunto.<\/p>\n\n\n\n<p>\u2014 Eu n\u00e3o acredito, mas respeito. N\u00e3o fa\u00e7o simpatias, n\u00e3o leio hor\u00f3scopo, n\u00e3o sou nada supersticiosa. A minha m\u00e3e sempre fala para eu desvirar o chinelo, eu fa\u00e7o mais por causa dela. Eu mesma n\u00e3o acredito em nada, sou bem c\u00e9tica quanto a isso.<\/p>\n\n\n\n<p>Para tirar qualquer possibilidade mau agouro, a estudante universit\u00e1ria Aline Santos, de 21 anos, d\u00e1 dicas valiosas para afastar o azar:<\/p>\n\n\n\n<p>\u2014 Toma banho de sal grosso, passa umas ess\u00eancias pelo corpo, coloca uns patu\u00e1s no corpo e sai de casa com o pensamento positivo l\u00e1 em cima. Se tiver um trevo de quatro folhas na carteira, melhor ainda!<\/p>\n\n\n\n<p><strong>Hist\u00f3rias tentam explicar a origem da data<\/strong><\/p>\n\n\n\n<p>H\u00e1 tr\u00eas vers\u00f5es que buscam explicar a origem da sexta-feira 13. A principal tem a ver com a cria\u00e7\u00e3o da Ordem dos Cavaleiros Templ\u00e1rios, no s\u00e9culo 12. O grupo tinha a miss\u00e3o de proteger os crist\u00e3os que faziam a peregrina\u00e7\u00e3o a Jerusal\u00e9m ap\u00f3s sua conquista durante as Cruzadas (expedi\u00e7\u00f5es militares organizadas nos s\u00e9culos 11, 12 E 13. No entanto, a influ\u00eancia dos templ\u00e1rios come\u00e7ou a incomodar o rei franc\u00eas Filipe IV, que, em 13 de outubro de 1307, uma sexta-feira, iniciou uma persegui\u00e7\u00e3o aos cavaleiros, presos e assassinados.<\/p>\n\n\n\n<p>Outra hist\u00f3ria busca explica\u00e7\u00e3o na mitologia n\u00f3rdica. Durante um jantar na morada dos Deuses (Valhalla), um esp\u00edrito maligno surgiu e levou disc\u00f3rdia a 12 divindades que tinham sido convidadas para o evento. O jantar terminou com uma morte. Da\u00ed nasceu a cren\u00e7a de que convidar 13 pessoas para um jantar era problema na certa.<\/p>\n\n\n\n<p>A \u00faltima lenda vem da Escandin\u00e1via. Freyja, a deusa do amor e da beleza cujo nome deu origem a Friday (o \u201cdia de Freyja\u201d, sexta-feira em ingl\u00eas) teria se transformado em bruxa quando as tribos n\u00f3rdicas e alem\u00e3s se converteram ao cristianismo. Como forma de vingan\u00e7a, Freyja reunia-se \u00e0s sextas-feiras com 11 bruxas e com o dem\u00f4nio, somando, ao todo, 13 seres que rogavam pragas sobre humanos.<\/p>\n","protected":false},"excerpt":{"rendered":"<p>Hoje \u00e9 aquele dia para deixar qualquer supersticioso atento. Al\u00e9m desta sexta-feira cair no dia 13, a noite ser\u00e1 de lua cheia \u2014 jun\u00e7\u00e3o m\u00edstica&hellip; <\/p>\n","protected":false},"author":1,"featured_media":95143,"comment_status":"closed","ping_status":"closed","sticky":false,"template":"","format":"standard","meta":{"sfsi_plus_gutenberg_text_before_share":"","sfsi_plus_gutenberg_show_text_before_share":"","sfsi_plus_gutenberg_icon_type":"","sfsi_plus_gutenberg_icon_alignemt":"","sfsi_plus_gutenburg_max_per_row":"","footnotes":""},"categories":[2],"tags":[],"class_list":["post-116411","post","type-post","status-publish","format-standard","has-post-thumbnail","hentry","category-geral"],"_links":{"self":[{"href":"https:\/\/www.caririemacao.com\/1\/wp-json\/wp\/v2\/posts\/116411","targetHints":{"allow":["GET"]}}],"collection":[{"href":"https:\/\/www.caririemacao.com\/1\/wp-json\/wp\/v2\/posts"}],"about":[{"href":"https:\/\/www.caririemacao.com\/1\/wp-json\/wp\/v2\/types\/post"}],"author":[{"embeddable":true,"href":"https:\/\/www.caririemacao.com\/1\/wp-json\/wp\/v2\/users\/1"}],"replies":[{"embeddable":true,"href":"https:\/\/www.caririemacao.com\/1\/wp-json\/wp\/v2\/comments?post=116411"}],"version-history":[{"count":1,"href":"https:\/\/www.caririemacao.com\/1\/wp-json\/wp\/v2\/posts\/116411\/revisions"}],"predecessor-version":[{"id":116413,"href":"https:\/\/www.caririemacao.com\/1\/wp-json\/wp\/v2\/posts\/116411\/revisions\/116413"}],"wp:featuredmedia":[{"embeddable":true,"href":"https:\/\/www.caririemacao.com\/1\/wp-json\/wp\/v2\/media\/95143"}],"wp:attachment":[{"href":"https:\/\/www.caririemacao.com\/1\/wp-json\/wp\/v2\/media?parent=116411"}],"wp:term":[{"taxonomy":"category","embeddable":true,"href":"https:\/\/www.caririemacao.com\/1\/wp-json\/wp\/v2\/categories?post=116411"},{"taxonomy":"post_tag","embeddable":true,"href":"https:\/\/www.caririemacao.com\/1\/wp-json\/wp\/v2\/tags?post=116411"}],"curies":[{"name":"wp","href":"https:\/\/api.w.org\/{rel}","templated":true}]}}