{"id":116430,"date":"2019-09-14T07:20:03","date_gmt":"2019-09-14T10:20:03","guid":{"rendered":"http:\/\/www.caririemacao.com\/1\/?p=116430"},"modified":"2019-09-14T07:20:03","modified_gmt":"2019-09-14T10:20:03","slug":"empreiteiro-que-acusou-lula-tem-delacao-homologada-no-supremo","status":"publish","type":"post","link":"https:\/\/www.caririemacao.com\/1\/2019\/09\/14\/empreiteiro-que-acusou-lula-tem-delacao-homologada-no-supremo\/","title":{"rendered":"Empreiteiro que acusou Lula, tem dela\u00e7\u00e3o homologada no Supremo"},"content":{"rendered":"\n<p>Principal acusador do ex-presidente Lula no caso tr\u00edplex, o ex-presidente da OAS L\u00e9o Pinheiro teve seu acordo de colabora\u00e7\u00e3o homologado pelo STF (Supremo Tribunal Federal) e entrou com um pedido para sair da cadeia.<\/p>\n\n\n\n<p>A informa\u00e7\u00e3o foi antecipada pelo jornal O Estado de S. Paulo.<\/p>\n\n\n\n<p>Pinheiro est\u00e1 preso desde setembro de 2016 e j\u00e1 foi condenado em cinco a\u00e7\u00f5es penais da Lava Jato em Curitiba.<\/p>\n\n\n\n<p>Ele vinha tentando firmar um acordo com as autoridades desde 2015. Em 2017, mesmo sem compromisso v\u00e1lido, decidiu dar detalhes do esquema de corrup\u00e7\u00e3o na Petrobras \u00e0 Justi\u00e7a em troca de redu\u00e7\u00e3o de pena. Em depoimento a Sergio Moro, imputou crimes a Lula e disse que reformou e reservou um apartamento tr\u00edplex em Guaruj\u00e1 (SP) como contrapartida a benef\u00edcios obtidos na Petrobras.<\/p>\n\n\n\n<p>Essas declara\u00e7\u00f5es foram fundamentais para a condena\u00e7\u00e3o de Lula nesse processo, pelo qual cumpre pena por corrup\u00e7\u00e3o e lavagem em Curitiba desde o ano passado.<\/p>\n\n\n\n<p>Em documento encaminhado a uma Vara Federal que administra o cumprimento da pena, a defesa pede o benef\u00edcio imediato da pris\u00e3o domiciliar.<\/p>\n\n\n\n<p>O acordo foi assinado com a Procuradoria-Geral da Rep\u00fablica no fim de 2018, mas ainda estava pendente do aval do Judici\u00e1rio.<\/p>\n\n\n\n<p>Mensagens trocadas por procuradores da Lava Jato pelo aplicativo Telegram indicam que, no in\u00edcio das conversas com os advogados, eles viam com ressalvas a dela\u00e7\u00e3o do empreiteiro.<\/p>\n","protected":false},"excerpt":{"rendered":"<p>Principal acusador do ex-presidente Lula no caso tr\u00edplex, o ex-presidente da OAS L\u00e9o Pinheiro teve seu acordo de colabora\u00e7\u00e3o homologado pelo STF (Supremo Tribunal Federal)&hellip; <\/p>\n","protected":false},"author":1,"featured_media":112613,"comment_status":"closed","ping_status":"closed","sticky":false,"template":"","format":"standard","meta":{"sfsi_plus_gutenberg_text_before_share":"","sfsi_plus_gutenberg_show_text_before_share":"","sfsi_plus_gutenberg_icon_type":"","sfsi_plus_gutenberg_icon_alignemt":"","sfsi_plus_gutenburg_max_per_row":"","footnotes":""},"categories":[2],"tags":[],"class_list":["post-116430","post","type-post","status-publish","format-standard","has-post-thumbnail","hentry","category-geral"],"_links":{"self":[{"href":"https:\/\/www.caririemacao.com\/1\/wp-json\/wp\/v2\/posts\/116430","targetHints":{"allow":["GET"]}}],"collection":[{"href":"https:\/\/www.caririemacao.com\/1\/wp-json\/wp\/v2\/posts"}],"about":[{"href":"https:\/\/www.caririemacao.com\/1\/wp-json\/wp\/v2\/types\/post"}],"author":[{"embeddable":true,"href":"https:\/\/www.caririemacao.com\/1\/wp-json\/wp\/v2\/users\/1"}],"replies":[{"embeddable":true,"href":"https:\/\/www.caririemacao.com\/1\/wp-json\/wp\/v2\/comments?post=116430"}],"version-history":[{"count":1,"href":"https:\/\/www.caririemacao.com\/1\/wp-json\/wp\/v2\/posts\/116430\/revisions"}],"predecessor-version":[{"id":116432,"href":"https:\/\/www.caririemacao.com\/1\/wp-json\/wp\/v2\/posts\/116430\/revisions\/116432"}],"wp:featuredmedia":[{"embeddable":true,"href":"https:\/\/www.caririemacao.com\/1\/wp-json\/wp\/v2\/media\/112613"}],"wp:attachment":[{"href":"https:\/\/www.caririemacao.com\/1\/wp-json\/wp\/v2\/media?parent=116430"}],"wp:term":[{"taxonomy":"category","embeddable":true,"href":"https:\/\/www.caririemacao.com\/1\/wp-json\/wp\/v2\/categories?post=116430"},{"taxonomy":"post_tag","embeddable":true,"href":"https:\/\/www.caririemacao.com\/1\/wp-json\/wp\/v2\/tags?post=116430"}],"curies":[{"name":"wp","href":"https:\/\/api.w.org\/{rel}","templated":true}]}}