{"id":116457,"date":"2019-09-14T08:08:43","date_gmt":"2019-09-14T11:08:43","guid":{"rendered":"http:\/\/www.caririemacao.com\/1\/?p=116457"},"modified":"2019-09-14T08:08:43","modified_gmt":"2019-09-14T11:08:43","slug":"seca-nao-tem-previsao-para-amenizar-e-demanda-cuidados","status":"publish","type":"post","link":"https:\/\/www.caririemacao.com\/1\/2019\/09\/14\/seca-nao-tem-previsao-para-amenizar-e-demanda-cuidados\/","title":{"rendered":"Seca n\u00e3o tem previs\u00e3o para amenizar e demanda cuidados"},"content":{"rendered":"\n<p>&nbsp;per\u00edodo de seca que acomete a regi\u00e3o central do Brasil n\u00e3o tem previs\u00e3o para amenizar, segundo o Instituo Nacional de Meteorologia (Inmet). H\u00e1 dois dias, na quinta-feira (12), a Defesa Civil do Distrito Federal declarou estado de emerg\u00eancia na capital, pela segunda vez, ap\u00f3s dois dias consecutivos de umidade relativa abaixo do limite, fixado em 12%.<\/p>\n\n\n\n<p>A estimativa do Inmet \u00e9 de que a temperatura baixe para a casa dos 30 graus Celsius (\u00baC) no fim-de-semana, em Bras\u00edlia, mas continue alta na pr\u00f3xima semana. As m\u00e1ximas devem atingir 31\u00baC na segunda-feira (16) e 32\u00baC na ter\u00e7a-feira (17). J\u00e1 a umidade n\u00e3o deve ter eleva\u00e7\u00e3o significativa mas deve sair da casa dos 10% e chegar a cerca de 20%.<\/p>\n\n\n\n<figure class=\"wp-block-image\"><img decoding=\"async\" data-src=\"http:\/\/imagens.ebc.com.br\/MohJMC6RsSC86Lm2ieT4OdfwnCo=\/754x0\/smart\/http:\/\/agenciabrasil.ebc.com.br\/sites\/default\/files\/thumbnails\/image\/seca.jpg?itok=b-ntQEb4\" alt=\"Seca em Bras\u00edlia\" src=\"data:image\/svg+xml;base64,PHN2ZyB3aWR0aD0iMSIgaGVpZ2h0PSIxIiB4bWxucz0iaHR0cDovL3d3dy53My5vcmcvMjAwMC9zdmciPjwvc3ZnPg==\" class=\"lazyload\" \/><\/figure>\n\n\n\n<h6 class=\"wp-block-heading\">A Defesa Civil declarou estado de emerg\u00eancia na capital por duas vezes nos \u00faltimos dias &#8211;&nbsp;<strong>Marcelo Camargo\/Ag\u00eancia Brasil<\/strong><br><\/h6>\n\n\n\n<p>Conforme o meteorologista do Instituto Ol\u00edvio Bahia, normalmente as primeiras gotas caem no DF em setembro, mas o m\u00eas vem sido marcado por altas temperaturas e forte seca. Ele acrescenta que os estudos de proje\u00e7\u00e3o das mudan\u00e7as no clima realizados pela entidade ainda n\u00e3o indicaram a chegada da chuva.<\/p>\n\n\n\n<p>\u00c0&nbsp;<strong>Ag\u00eancia Brasil<\/strong>, o t\u00e9cnico n\u00e3o arriscou uma previs\u00e3o, recorrendo ao hist\u00f3rico de comportamento do clima na regi\u00e3o. \u201cA gente est\u00e1 imaginando que a massa [de ar seco] v\u00e1 perder for\u00e7a. Historicamente chuvas s\u00e3o mais frequentes a partir da segunda quinzena de outubro\u201d, afirmou.<\/p>\n\n\n\n<p>Segundo Bahia, o calor e a seca deste ano n\u00e3o se devem a nenhum fator espec\u00edfico. Eles seriam resultado do que chama de \u201cvariabilidade anual\u201d. O que j\u00e1 \u00e9 uma massa de ar seco mais intensa na regi\u00e3o central &#8211; que abrange Distrito Federal, Goi\u00e1s, Tocantins, Centro-leste do Mato Grosso, Nordeste do Mato Grosso do Sul, Norte e Oeste de S\u00e3o Paulo e Centro-oeste da Bahia &#8211; est\u00e1 se prolongando e deve se manter por mais dias.<\/p>\n\n\n\n<p>\u201cEstava chovendo no hemisf\u00e9rio Sul e passa a chover no Norte neste per\u00edodo. O padr\u00e3o de vento n\u00e3o traz umidade, e a\u00ed fica seco. \u00c9 comum termos temperaturas elevadas no Brasil neste per\u00edodo, quando o sol est\u00e1 baixando no movimento aparente. O sol vem do hemisf\u00e9rio Norte, a gente tem muita radia\u00e7\u00e3o solar chegando e n\u00e3o tem nuvem, que serve como filtro\u201d, explica o meteorologista do Inmet.<\/p>\n\n\n\n<p>Esse fen\u00f4meno, entretanto, se manifesta de forma diferente em regi\u00f5es e biomas distintos. Embora os dois sejam secos, Cerrado e Caatinga t\u00eam aspectos pr\u00f3prios, a exemplo da vegeta\u00e7\u00e3o ou at\u00e9 mesmo da disponibilidade, bem menor no sert\u00e3o do Nordeste. Ol\u00edvio Bahia comenta que muitas vezes h\u00e1 confus\u00e3o de tamb\u00e9m comparar as secas com outros locais do mundo, como o deserto, quando s\u00e3o situa\u00e7\u00f5es bastante diferentes.<\/p>\n\n\n\n<h2 class=\"wp-block-heading\">Impactos<\/h2>\n\n\n\n<p>Esse clima pode ter impactos importantes na sa\u00fade. A Organiza\u00e7\u00e3o Mundial da Sa\u00fade (OMS) fixa como m\u00ednimo razo\u00e1vel o \u00edndice de 30% de umidade. A seca pode gerar baixa da press\u00e3o arterial, com sensa\u00e7\u00e3o de cansa\u00e7o.<\/p>\n\n\n\n<p>Mas para o pneumologista e membro da Sociedade Brasileira de Pneumonia e Tisiologia (SBPT), Carlos Viegas, a maior preocupa\u00e7\u00e3o deve ser com as doen\u00e7as respirat\u00f3rias. \u201cRinite, sinusite, pneumonia e outras enfermidades decorrentes do processo inflamat\u00f3rio nas vias a\u00e9reas s\u00e3o comuns. Al\u00e9m deste ar muito seco, temos presen\u00e7a de fuma\u00e7a o que possibilita desenvolvimento de problemas al\u00e9rgicos respirat\u00f3rios\u201d, ressalta Viegas.<\/p>\n\n\n\n<h2 class=\"wp-block-heading\">Cuidados<\/h2>\n\n\n\n<p>Uma sugest\u00e3o do m\u00e9dico para que as pessoas verifiquem se est\u00e3o com a hidrata\u00e7\u00e3o adequada \u00e9 a observa\u00e7\u00e3o da urina. Quanto mais pr\u00f3xima a colora\u00e7\u00e3o estiver da \u00e1gua, mais hidratada uma pessoa est\u00e1. J\u00e1 se a cor da urina estiver pr\u00f3xima de amarelada forte \u00e9 importante refor\u00e7ar o consumo de \u00e1gua ao longo do dia. A sugest\u00e3o \u00e9 beber, pelo menos, 3 litros de \u00e1gua por dia.<\/p>\n\n\n\n<p>Segundo o subsecret\u00e1rio da Subsecretaria da Defesa Civil do DF, Coronel S\u00e9rgio Bezerra, para quem n\u00e3o costuma tomar muita \u00e1gua \u00e9 adequado aumentar o consumo gradativamente. Ele sugere n\u00e3o esperar o corpo demandar, mas procurar beber um copo por hora.<\/p>\n\n\n\n<p>Mas o cuidado com o excesso tamb\u00e9m \u00e9 importante. \u201cN\u00e3o precisa exagerar. Quem bebe muita \u00e1gua pode ter baixa de press\u00e3o\u201d, alerta o subsecret\u00e1rio da Defesa Civil do DF.<\/p>\n\n\n\n<p>Al\u00e9m disso, \u00e9 importante evitar atividades f\u00edsicas entre 11h e 16h e se proteger do sol, evitando ficar em ambiente aberto durante muito tempo e sempre lembrando de passar o protetor. Em momentos de baixa umidade, o uso do umidificador tamb\u00e9m \u00e9 recomend\u00e1vel.<\/p>\n","protected":false},"excerpt":{"rendered":"<p>&nbsp;per\u00edodo de seca que acomete a regi\u00e3o central do Brasil n\u00e3o tem previs\u00e3o para amenizar, segundo o Instituo Nacional de Meteorologia (Inmet). H\u00e1 dois dias,&hellip; <\/p>\n","protected":false},"author":1,"featured_media":116459,"comment_status":"closed","ping_status":"closed","sticky":false,"template":"","format":"standard","meta":{"sfsi_plus_gutenberg_text_before_share":"","sfsi_plus_gutenberg_show_text_before_share":"","sfsi_plus_gutenberg_icon_type":"","sfsi_plus_gutenberg_icon_alignemt":"","sfsi_plus_gutenburg_max_per_row":"","footnotes":""},"categories":[2],"tags":[],"class_list":["post-116457","post","type-post","status-publish","format-standard","has-post-thumbnail","hentry","category-geral"],"_links":{"self":[{"href":"https:\/\/www.caririemacao.com\/1\/wp-json\/wp\/v2\/posts\/116457","targetHints":{"allow":["GET"]}}],"collection":[{"href":"https:\/\/www.caririemacao.com\/1\/wp-json\/wp\/v2\/posts"}],"about":[{"href":"https:\/\/www.caririemacao.com\/1\/wp-json\/wp\/v2\/types\/post"}],"author":[{"embeddable":true,"href":"https:\/\/www.caririemacao.com\/1\/wp-json\/wp\/v2\/users\/1"}],"replies":[{"embeddable":true,"href":"https:\/\/www.caririemacao.com\/1\/wp-json\/wp\/v2\/comments?post=116457"}],"version-history":[{"count":1,"href":"https:\/\/www.caririemacao.com\/1\/wp-json\/wp\/v2\/posts\/116457\/revisions"}],"predecessor-version":[{"id":116460,"href":"https:\/\/www.caririemacao.com\/1\/wp-json\/wp\/v2\/posts\/116457\/revisions\/116460"}],"wp:featuredmedia":[{"embeddable":true,"href":"https:\/\/www.caririemacao.com\/1\/wp-json\/wp\/v2\/media\/116459"}],"wp:attachment":[{"href":"https:\/\/www.caririemacao.com\/1\/wp-json\/wp\/v2\/media?parent=116457"}],"wp:term":[{"taxonomy":"category","embeddable":true,"href":"https:\/\/www.caririemacao.com\/1\/wp-json\/wp\/v2\/categories?post=116457"},{"taxonomy":"post_tag","embeddable":true,"href":"https:\/\/www.caririemacao.com\/1\/wp-json\/wp\/v2\/tags?post=116457"}],"curies":[{"name":"wp","href":"https:\/\/api.w.org\/{rel}","templated":true}]}}