{"id":116474,"date":"2019-09-14T11:26:57","date_gmt":"2019-09-14T14:26:57","guid":{"rendered":"http:\/\/www.caririemacao.com\/1\/?p=116474"},"modified":"2019-09-14T11:26:57","modified_gmt":"2019-09-14T14:26:57","slug":"motocicleta-e-furtada-enquanto-proprietario-trabalhava-em-cidade-do-cariri","status":"publish","type":"post","link":"https:\/\/www.caririemacao.com\/1\/2019\/09\/14\/motocicleta-e-furtada-enquanto-proprietario-trabalhava-em-cidade-do-cariri\/","title":{"rendered":"Motocicleta \u00e9 furtada enquanto propriet\u00e1rio trabalhava em cidade do Cariri"},"content":{"rendered":"\n<p>Uma motocicleta foi furtada na noite desta sexta-feira (13), na Rua do Buj\u00e3o, na cidade de Monteiro, regi\u00e3o do Cariri paraibano.<\/p>\n\n\n\n<p>Conforme informa\u00e7\u00f5es, a moto estava estacionada pr\u00f3ximo ao estabelecimento onde a v\u00edtima trabalhava, quando foi furtada por elementos n\u00e3o identificados.<\/p>\n\n\n\n<p>A v\u00edtima ainda teria ouvido algu\u00e9m ligando a moto, e quando percebeu, j\u00e1 o meliante fugindo com a moto. O caso foi registrado na 14\u00b0 DSPC.<\/p>\n","protected":false},"excerpt":{"rendered":"<p>Uma motocicleta foi furtada na noite desta sexta-feira (13), na Rua do Buj\u00e3o, na cidade de Monteiro, regi\u00e3o do Cariri paraibano. Conforme informa\u00e7\u00f5es, a moto&hellip; <\/p>\n","protected":false},"author":1,"featured_media":18430,"comment_status":"closed","ping_status":"closed","sticky":false,"template":"","format":"standard","meta":{"sfsi_plus_gutenberg_text_before_share":"","sfsi_plus_gutenberg_show_text_before_share":"","sfsi_plus_gutenberg_icon_type":"","sfsi_plus_gutenberg_icon_alignemt":"","sfsi_plus_gutenburg_max_per_row":"","footnotes":""},"categories":[12],"tags":[],"class_list":["post-116474","post","type-post","status-publish","format-standard","has-post-thumbnail","hentry","category-policia"],"_links":{"self":[{"href":"https:\/\/www.caririemacao.com\/1\/wp-json\/wp\/v2\/posts\/116474","targetHints":{"allow":["GET"]}}],"collection":[{"href":"https:\/\/www.caririemacao.com\/1\/wp-json\/wp\/v2\/posts"}],"about":[{"href":"https:\/\/www.caririemacao.com\/1\/wp-json\/wp\/v2\/types\/post"}],"author":[{"embeddable":true,"href":"https:\/\/www.caririemacao.com\/1\/wp-json\/wp\/v2\/users\/1"}],"replies":[{"embeddable":true,"href":"https:\/\/www.caririemacao.com\/1\/wp-json\/wp\/v2\/comments?post=116474"}],"version-history":[{"count":1,"href":"https:\/\/www.caririemacao.com\/1\/wp-json\/wp\/v2\/posts\/116474\/revisions"}],"predecessor-version":[{"id":116476,"href":"https:\/\/www.caririemacao.com\/1\/wp-json\/wp\/v2\/posts\/116474\/revisions\/116476"}],"wp:featuredmedia":[{"embeddable":true,"href":"https:\/\/www.caririemacao.com\/1\/wp-json\/wp\/v2\/media\/18430"}],"wp:attachment":[{"href":"https:\/\/www.caririemacao.com\/1\/wp-json\/wp\/v2\/media?parent=116474"}],"wp:term":[{"taxonomy":"category","embeddable":true,"href":"https:\/\/www.caririemacao.com\/1\/wp-json\/wp\/v2\/categories?post=116474"},{"taxonomy":"post_tag","embeddable":true,"href":"https:\/\/www.caririemacao.com\/1\/wp-json\/wp\/v2\/tags?post=116474"}],"curies":[{"name":"wp","href":"https:\/\/api.w.org\/{rel}","templated":true}]}}