{"id":116481,"date":"2019-09-14T14:36:51","date_gmt":"2019-09-14T17:36:51","guid":{"rendered":"http:\/\/www.caririemacao.com\/1\/?p=116481"},"modified":"2019-09-14T14:36:51","modified_gmt":"2019-09-14T17:36:51","slug":"prefeito-de-sume-confirma-inauguracao-da-reforma-da-praca-jose-marcolino","status":"publish","type":"post","link":"https:\/\/www.caririemacao.com\/1\/2019\/09\/14\/prefeito-de-sume-confirma-inauguracao-da-reforma-da-praca-jose-marcolino\/","title":{"rendered":"Prefeito de Sum\u00e9 confirma inaugura\u00e7\u00e3o da reforma da Pra\u00e7a Jos\u00e9 Marcolino"},"content":{"rendered":"\n<p>Durante participa\u00e7\u00e3o no Programa da Prefeitura veiculado neste s\u00e1bado (14), veiculado na R\u00e1dio 95 FM, o prefeito \u00c9den Duarte, confirmou para o dia 28 a inaugura\u00e7\u00e3o da reforma da Pra\u00e7a Jos\u00e9 Marcolino.<\/p>\n\n\n\n<p>A inaugura\u00e7\u00e3o do novo espa\u00e7o, acontece no mesmo dia da final do Festival de M\u00fasica Z\u00e9 Marcolino, 10 m\u00fasicas ser\u00e3o apresentadas na final do evento, que acontece na Pra\u00e7a Jos\u00e9 Am\u00e9rico.<\/p>\n\n\n\n<p>Ap\u00f3s a final do festival acontece a apresenta\u00e7\u00e3o de Bira Marcolino (Filho de Z\u00e9 Marcolino), e Dejinha de Monteiro.<\/p>\n\n\n\n<p>Not\u00edcias em Destaque<\/p>\n","protected":false},"excerpt":{"rendered":"<p>Durante participa\u00e7\u00e3o no Programa da Prefeitura veiculado neste s\u00e1bado (14), veiculado na R\u00e1dio 95 FM, o prefeito \u00c9den Duarte, confirmou para o dia 28 a&hellip; <\/p>\n","protected":false},"author":1,"featured_media":28413,"comment_status":"closed","ping_status":"closed","sticky":false,"template":"","format":"standard","meta":{"sfsi_plus_gutenberg_text_before_share":"","sfsi_plus_gutenberg_show_text_before_share":"","sfsi_plus_gutenberg_icon_type":"","sfsi_plus_gutenberg_icon_alignemt":"","sfsi_plus_gutenburg_max_per_row":"","footnotes":""},"categories":[6,50],"tags":[],"class_list":["post-116481","post","type-post","status-publish","format-standard","has-post-thumbnail","hentry","category-cidades","category-destaque"],"_links":{"self":[{"href":"https:\/\/www.caririemacao.com\/1\/wp-json\/wp\/v2\/posts\/116481","targetHints":{"allow":["GET"]}}],"collection":[{"href":"https:\/\/www.caririemacao.com\/1\/wp-json\/wp\/v2\/posts"}],"about":[{"href":"https:\/\/www.caririemacao.com\/1\/wp-json\/wp\/v2\/types\/post"}],"author":[{"embeddable":true,"href":"https:\/\/www.caririemacao.com\/1\/wp-json\/wp\/v2\/users\/1"}],"replies":[{"embeddable":true,"href":"https:\/\/www.caririemacao.com\/1\/wp-json\/wp\/v2\/comments?post=116481"}],"version-history":[{"count":1,"href":"https:\/\/www.caririemacao.com\/1\/wp-json\/wp\/v2\/posts\/116481\/revisions"}],"predecessor-version":[{"id":116483,"href":"https:\/\/www.caririemacao.com\/1\/wp-json\/wp\/v2\/posts\/116481\/revisions\/116483"}],"wp:featuredmedia":[{"embeddable":true,"href":"https:\/\/www.caririemacao.com\/1\/wp-json\/wp\/v2\/media\/28413"}],"wp:attachment":[{"href":"https:\/\/www.caririemacao.com\/1\/wp-json\/wp\/v2\/media?parent=116481"}],"wp:term":[{"taxonomy":"category","embeddable":true,"href":"https:\/\/www.caririemacao.com\/1\/wp-json\/wp\/v2\/categories?post=116481"},{"taxonomy":"post_tag","embeddable":true,"href":"https:\/\/www.caririemacao.com\/1\/wp-json\/wp\/v2\/tags?post=116481"}],"curies":[{"name":"wp","href":"https:\/\/api.w.org\/{rel}","templated":true}]}}