{"id":116488,"date":"2019-09-14T14:41:58","date_gmt":"2019-09-14T17:41:58","guid":{"rendered":"http:\/\/www.caririemacao.com\/1\/?p=116488"},"modified":"2019-09-14T14:41:58","modified_gmt":"2019-09-14T17:41:58","slug":"professora-do-cdsa-participa-de-oficina-de-projeto-para-estruturar-a-cadeia-ecoprodutiva-de-fitomedicamentos-da-caatinga","status":"publish","type":"post","link":"https:\/\/www.caririemacao.com\/1\/2019\/09\/14\/professora-do-cdsa-participa-de-oficina-de-projeto-para-estruturar-a-cadeia-ecoprodutiva-de-fitomedicamentos-da-caatinga\/","title":{"rendered":"Professora do CDSA participa de oficina de projeto para estruturar a Cadeia Ecoprodutiva de Fitomedicamentos da Caatinga"},"content":{"rendered":"\n<p><br>A professora Alecksandra Vieira de Lacerda esteve representando o Centro de Desenvolvimento Sustent\u00e1vel do Semi\u00e1rido (CDSA) da UFCG, na \u00faltima sexta-feira, 6 de setembro, na cidade de Juazeiro-BA, na primeira oficina do Polo Ju\u00e1-Caatinga \u2013 Rota da Biodiversidade, cujo objetivo \u00e9 estruturar a Cadeia Ecoprodutiva de Fitomedicamentos da Caatinga.<\/p>\n\n\n\n<p>Essa estrutura\u00e7\u00e3o ocorrer\u00e1 por meio de a\u00e7\u00f5es para a identifica\u00e7\u00e3o e desenvolvimento dos gargalos nos subsistemas produtivos, referindo-se a insumos, pesquisa, produ\u00e7\u00e3o, controle de qualidade, processamento, inova\u00e7\u00e3o e comercializa\u00e7\u00e3o, al\u00e9m das quest\u00f5es transversais como financiamento, capital social, meio ambiente, infraestrutura e log\u00edstica.<\/p>\n\n\n\n<p>Segundo a professora, o trabalho que vem sendo conduzido por sua equipe atrav\u00e9s do Laborat\u00f3rio de Ecologia e Bot\u00e2nica no CDSA\/UFCG tem sido reconhecido como relevante na incorpora\u00e7\u00e3o das a\u00e7\u00f5es planejadas. \u201cEstamos tra\u00e7ando metas inovadoras e de alto impacto positivo para o desenvolvimento e a sustentabilidade do Semi\u00e1rido brasileiro\u201d, coloca professora Alecksandra Lacerda.<\/p>\n\n\n\n<p>Assimp CDSA\/UFCG<\/p>\n","protected":false},"excerpt":{"rendered":"<p>A professora Alecksandra Vieira de Lacerda esteve representando o Centro de Desenvolvimento Sustent\u00e1vel do Semi\u00e1rido (CDSA) da UFCG, na \u00faltima sexta-feira, 6 de setembro, na&hellip; <\/p>\n","protected":false},"author":1,"featured_media":116491,"comment_status":"closed","ping_status":"closed","sticky":false,"template":"","format":"standard","meta":{"sfsi_plus_gutenberg_text_before_share":"","sfsi_plus_gutenberg_show_text_before_share":"","sfsi_plus_gutenberg_icon_type":"","sfsi_plus_gutenberg_icon_alignemt":"","sfsi_plus_gutenburg_max_per_row":"","footnotes":""},"categories":[6],"tags":[],"class_list":["post-116488","post","type-post","status-publish","format-standard","has-post-thumbnail","hentry","category-cidades"],"_links":{"self":[{"href":"https:\/\/www.caririemacao.com\/1\/wp-json\/wp\/v2\/posts\/116488","targetHints":{"allow":["GET"]}}],"collection":[{"href":"https:\/\/www.caririemacao.com\/1\/wp-json\/wp\/v2\/posts"}],"about":[{"href":"https:\/\/www.caririemacao.com\/1\/wp-json\/wp\/v2\/types\/post"}],"author":[{"embeddable":true,"href":"https:\/\/www.caririemacao.com\/1\/wp-json\/wp\/v2\/users\/1"}],"replies":[{"embeddable":true,"href":"https:\/\/www.caririemacao.com\/1\/wp-json\/wp\/v2\/comments?post=116488"}],"version-history":[{"count":1,"href":"https:\/\/www.caririemacao.com\/1\/wp-json\/wp\/v2\/posts\/116488\/revisions"}],"predecessor-version":[{"id":116492,"href":"https:\/\/www.caririemacao.com\/1\/wp-json\/wp\/v2\/posts\/116488\/revisions\/116492"}],"wp:featuredmedia":[{"embeddable":true,"href":"https:\/\/www.caririemacao.com\/1\/wp-json\/wp\/v2\/media\/116491"}],"wp:attachment":[{"href":"https:\/\/www.caririemacao.com\/1\/wp-json\/wp\/v2\/media?parent=116488"}],"wp:term":[{"taxonomy":"category","embeddable":true,"href":"https:\/\/www.caririemacao.com\/1\/wp-json\/wp\/v2\/categories?post=116488"},{"taxonomy":"post_tag","embeddable":true,"href":"https:\/\/www.caririemacao.com\/1\/wp-json\/wp\/v2\/tags?post=116488"}],"curies":[{"name":"wp","href":"https:\/\/api.w.org\/{rel}","templated":true}]}}