{"id":116497,"date":"2019-09-14T14:43:56","date_gmt":"2019-09-14T17:43:56","guid":{"rendered":"http:\/\/www.caririemacao.com\/1\/?p=116497"},"modified":"2019-09-14T14:43:56","modified_gmt":"2019-09-14T17:43:56","slug":"em-agenda-no-cariri-joao-azevedo-diz-que-nao-brigara-para-ser-dono-do-psb","status":"publish","type":"post","link":"https:\/\/www.caririemacao.com\/1\/2019\/09\/14\/em-agenda-no-cariri-joao-azevedo-diz-que-nao-brigara-para-ser-dono-do-psb\/","title":{"rendered":"Em agenda no Cariri, Jo\u00e3o Azev\u00eado diz que n\u00e3o brigar\u00e1 para ser dono do PSB"},"content":{"rendered":"\n<p>O governador Jo\u00e3o Azevedo esteve nesta sexta-feira (13) nos munic\u00edpios de Juazeirinho e Santo Andr\u00e9 assinando ordem de servi\u00e7o para constru\u00e7\u00e3o da estrada que ligar\u00e1 o Cariri ao Sert\u00e3o. Jo\u00e3o ainda inaugurou um dessalinizador e uma nova escola em Santo Andr\u00e9. Durante o discurso e entrevista ao jornalista Klebson Wanderley, o governador disse que n\u00e3o estava focado em embates pol\u00edticos como alguns, mas mandou recados claros \u00e0s cr\u00edticas que recebeu ao longo desta semana por Ricardo Coutinho.<\/p>\n\n\n\n<p>Em Juazeirinho, Jo\u00e3o Azevedo disse que n\u00e3o caiu de paraquedas na pol\u00edtica e se chegou a ser escolhido candidato e conseguiu se eleger \u00e9 por ter ajudado a construir o projeto que ora representa. \u201cEu n\u00e3o cai de paraquedas. S\u00f3 estou onde estou porque ajudei a construir esse projeto e fui eleito por mais de 1 milh\u00e3o de paraibanos; nunca pela vontade de um s\u00f3\u201d.<\/p>\n\n\n\n<p>\u201cH\u00e1 pessoas que pensam que podem chegar e dizer que elegeu por vontade pr\u00f3pria um governador e quase 30 deputados. Isso \u00e9 mentira. Cada lideran\u00e7a tem seus m\u00e9ritos e fez sua relevante parte para conquistar \u00eaxito. Eu sei o que percorri para me tornar conhecido e sei que nossa elei\u00e7\u00e3o se deu porque o povo queria a continuidade de um projeto e n\u00e3o obedecer a vontade isolada de uma \u00fanica pessoa\u201d, disse o governador em recado direto a Coutinho.<\/p>\n\n\n\n<p>Em Santo Andr\u00e9, Jo\u00e3o Azevedo ainda disse que lamenta a briga de uma pessoa para ser dono de um partido. \u201cEu n\u00e3o pretendo ser presidente de partido. Tamb\u00e9m n\u00e3o quero controlar nenhum partido, afinal quem pensa em controlar um partido n\u00e3o tem pensamento democr\u00e1tico\u201d, alfinetou.<\/p>\n\n\n\n<p>Jo\u00e3o Azevedo perguntado diretamente sobre as cr\u00edticas de Ricardo a ele esta semana resumiu-se dizendo que foram declara\u00e7\u00f5es infelizes e por esse motivo n\u00e3o se rebaixar\u00e1 para respond\u00ea-las, pois est\u00e1 focado no motivo para o qual foi eleito, isto \u00e9, trabalhar.<\/p>\n","protected":false},"excerpt":{"rendered":"<p>O governador Jo\u00e3o Azevedo esteve nesta sexta-feira (13) nos munic\u00edpios de Juazeirinho e Santo Andr\u00e9 assinando ordem de servi\u00e7o para constru\u00e7\u00e3o da estrada que ligar\u00e1&hellip; <\/p>\n","protected":false},"author":1,"featured_media":116499,"comment_status":"closed","ping_status":"closed","sticky":false,"template":"","format":"standard","meta":{"sfsi_plus_gutenberg_text_before_share":"","sfsi_plus_gutenberg_show_text_before_share":"","sfsi_plus_gutenberg_icon_type":"","sfsi_plus_gutenberg_icon_alignemt":"","sfsi_plus_gutenburg_max_per_row":"","footnotes":""},"categories":[11],"tags":[],"class_list":["post-116497","post","type-post","status-publish","format-standard","has-post-thumbnail","hentry","category-politica"],"_links":{"self":[{"href":"https:\/\/www.caririemacao.com\/1\/wp-json\/wp\/v2\/posts\/116497","targetHints":{"allow":["GET"]}}],"collection":[{"href":"https:\/\/www.caririemacao.com\/1\/wp-json\/wp\/v2\/posts"}],"about":[{"href":"https:\/\/www.caririemacao.com\/1\/wp-json\/wp\/v2\/types\/post"}],"author":[{"embeddable":true,"href":"https:\/\/www.caririemacao.com\/1\/wp-json\/wp\/v2\/users\/1"}],"replies":[{"embeddable":true,"href":"https:\/\/www.caririemacao.com\/1\/wp-json\/wp\/v2\/comments?post=116497"}],"version-history":[{"count":1,"href":"https:\/\/www.caririemacao.com\/1\/wp-json\/wp\/v2\/posts\/116497\/revisions"}],"predecessor-version":[{"id":116500,"href":"https:\/\/www.caririemacao.com\/1\/wp-json\/wp\/v2\/posts\/116497\/revisions\/116500"}],"wp:featuredmedia":[{"embeddable":true,"href":"https:\/\/www.caririemacao.com\/1\/wp-json\/wp\/v2\/media\/116499"}],"wp:attachment":[{"href":"https:\/\/www.caririemacao.com\/1\/wp-json\/wp\/v2\/media?parent=116497"}],"wp:term":[{"taxonomy":"category","embeddable":true,"href":"https:\/\/www.caririemacao.com\/1\/wp-json\/wp\/v2\/categories?post=116497"},{"taxonomy":"post_tag","embeddable":true,"href":"https:\/\/www.caririemacao.com\/1\/wp-json\/wp\/v2\/tags?post=116497"}],"curies":[{"name":"wp","href":"https:\/\/api.w.org\/{rel}","templated":true}]}}