{"id":116502,"date":"2019-09-14T14:48:57","date_gmt":"2019-09-14T17:48:57","guid":{"rendered":"http:\/\/www.caririemacao.com\/1\/?p=116502"},"modified":"2019-09-14T14:48:57","modified_gmt":"2019-09-14T17:48:57","slug":"joao-aconselha-bolsonaro-e-preciso-injetar-recursos-na-construcao-civil","status":"publish","type":"post","link":"https:\/\/www.caririemacao.com\/1\/2019\/09\/14\/joao-aconselha-bolsonaro-e-preciso-injetar-recursos-na-construcao-civil\/","title":{"rendered":"Jo\u00e3o aconselha Bolsonaro: \u00e9 preciso injetar recursos na constru\u00e7\u00e3o civil"},"content":{"rendered":"\n<p>Na opini\u00e3o do governador Jo\u00e3o Azevedo (PSB), o governo federal \u201cprecisa come\u00e7ar a implementar pol\u00edticas que venham na dire\u00e7\u00e3o do combate ao desemprego absurdo que est\u00e1 ai\u201d.<\/p>\n\n\n\n<p>O socialista considera que \u201cinjetar recursos na constru\u00e7\u00e3o civil, para mim, seria o primeiro passo, considerando que a constru\u00e7\u00e3o civil tem a capacidade de dar respostas imediatas \u00e0 cria\u00e7\u00e3o de empregos\u201d.<\/p>\n\n\n\n<p>Para Jo\u00e3o, o governo Bolsonaro est\u00e1 \u201cperdendo muito tempo apenas com a discuss\u00e3o da reforma da Previd\u00eancia, que tem pontos importantes, mas n\u00e3o vai ser a \u00b4bala de prata\u00b4 que resolver\u00e1 todos os problemas do Brasil\u201d.<\/p>\n\n\n\n<p>* fonte: coluna Aparte, assinada pelo jornalista Arimat\u00e9a Souza e publicada no\u00a0paraibaonline.com.br<\/p>\n","protected":false},"excerpt":{"rendered":"<p>Na opini\u00e3o do governador Jo\u00e3o Azevedo (PSB), o governo federal \u201cprecisa come\u00e7ar a implementar pol\u00edticas que venham na dire\u00e7\u00e3o do combate ao desemprego absurdo que&hellip; <\/p>\n","protected":false},"author":1,"featured_media":116504,"comment_status":"closed","ping_status":"closed","sticky":false,"template":"","format":"standard","meta":{"sfsi_plus_gutenberg_text_before_share":"","sfsi_plus_gutenberg_show_text_before_share":"","sfsi_plus_gutenberg_icon_type":"","sfsi_plus_gutenberg_icon_alignemt":"","sfsi_plus_gutenburg_max_per_row":"","footnotes":""},"categories":[11],"tags":[],"class_list":["post-116502","post","type-post","status-publish","format-standard","has-post-thumbnail","hentry","category-politica"],"_links":{"self":[{"href":"https:\/\/www.caririemacao.com\/1\/wp-json\/wp\/v2\/posts\/116502","targetHints":{"allow":["GET"]}}],"collection":[{"href":"https:\/\/www.caririemacao.com\/1\/wp-json\/wp\/v2\/posts"}],"about":[{"href":"https:\/\/www.caririemacao.com\/1\/wp-json\/wp\/v2\/types\/post"}],"author":[{"embeddable":true,"href":"https:\/\/www.caririemacao.com\/1\/wp-json\/wp\/v2\/users\/1"}],"replies":[{"embeddable":true,"href":"https:\/\/www.caririemacao.com\/1\/wp-json\/wp\/v2\/comments?post=116502"}],"version-history":[{"count":1,"href":"https:\/\/www.caririemacao.com\/1\/wp-json\/wp\/v2\/posts\/116502\/revisions"}],"predecessor-version":[{"id":116505,"href":"https:\/\/www.caririemacao.com\/1\/wp-json\/wp\/v2\/posts\/116502\/revisions\/116505"}],"wp:featuredmedia":[{"embeddable":true,"href":"https:\/\/www.caririemacao.com\/1\/wp-json\/wp\/v2\/media\/116504"}],"wp:attachment":[{"href":"https:\/\/www.caririemacao.com\/1\/wp-json\/wp\/v2\/media?parent=116502"}],"wp:term":[{"taxonomy":"category","embeddable":true,"href":"https:\/\/www.caririemacao.com\/1\/wp-json\/wp\/v2\/categories?post=116502"},{"taxonomy":"post_tag","embeddable":true,"href":"https:\/\/www.caririemacao.com\/1\/wp-json\/wp\/v2\/tags?post=116502"}],"curies":[{"name":"wp","href":"https:\/\/api.w.org\/{rel}","templated":true}]}}