{"id":116520,"date":"2019-09-14T14:57:51","date_gmt":"2019-09-14T17:57:51","guid":{"rendered":"http:\/\/www.caririemacao.com\/1\/?p=116520"},"modified":"2019-09-14T14:57:51","modified_gmt":"2019-09-14T17:57:51","slug":"crianca-de-dois-anos-e-encontrada-morta-em-rede-na-paraiba","status":"publish","type":"post","link":"https:\/\/www.caririemacao.com\/1\/2019\/09\/14\/crianca-de-dois-anos-e-encontrada-morta-em-rede-na-paraiba\/","title":{"rendered":"Crian\u00e7a de dois anos \u00e9 encontrada morta em rede na Para\u00edba"},"content":{"rendered":"\n<p>Uma crian\u00e7a de 2 anos foi encontrada morta dentro de uma rede, na manh\u00e3 deste s\u00e1bado (14), em Bel\u00e9m, na Para\u00edba. A menina foi encontrada por familiares que estavam na resid\u00eancia.&nbsp;<\/p>\n\n\n\n<p>Eles acionaram socorro que constataram o \u00f3bito.<\/p>\n\n\n\n<p>A Pol\u00edcia Civil foi acionada e de acordo com o delegado, Jo\u00e3o Amaro Gomes Filho, as causas da morte ser\u00e3o investigadas.<\/p>\n\n\n\n<p>PciO corpo da crian\u00e7a foi levado para o Numol de Guarabira.<\/p>\n","protected":false},"excerpt":{"rendered":"<p>Uma crian\u00e7a de 2 anos foi encontrada morta dentro de uma rede, na manh\u00e3 deste s\u00e1bado (14), em Bel\u00e9m, na Para\u00edba. A menina foi encontrada&hellip; <\/p>\n","protected":false},"author":1,"featured_media":105426,"comment_status":"closed","ping_status":"closed","sticky":false,"template":"","format":"standard","meta":{"sfsi_plus_gutenberg_text_before_share":"","sfsi_plus_gutenberg_show_text_before_share":"","sfsi_plus_gutenberg_icon_type":"","sfsi_plus_gutenberg_icon_alignemt":"","sfsi_plus_gutenburg_max_per_row":"","footnotes":""},"categories":[12],"tags":[],"class_list":["post-116520","post","type-post","status-publish","format-standard","has-post-thumbnail","hentry","category-policia"],"_links":{"self":[{"href":"https:\/\/www.caririemacao.com\/1\/wp-json\/wp\/v2\/posts\/116520","targetHints":{"allow":["GET"]}}],"collection":[{"href":"https:\/\/www.caririemacao.com\/1\/wp-json\/wp\/v2\/posts"}],"about":[{"href":"https:\/\/www.caririemacao.com\/1\/wp-json\/wp\/v2\/types\/post"}],"author":[{"embeddable":true,"href":"https:\/\/www.caririemacao.com\/1\/wp-json\/wp\/v2\/users\/1"}],"replies":[{"embeddable":true,"href":"https:\/\/www.caririemacao.com\/1\/wp-json\/wp\/v2\/comments?post=116520"}],"version-history":[{"count":1,"href":"https:\/\/www.caririemacao.com\/1\/wp-json\/wp\/v2\/posts\/116520\/revisions"}],"predecessor-version":[{"id":116522,"href":"https:\/\/www.caririemacao.com\/1\/wp-json\/wp\/v2\/posts\/116520\/revisions\/116522"}],"wp:featuredmedia":[{"embeddable":true,"href":"https:\/\/www.caririemacao.com\/1\/wp-json\/wp\/v2\/media\/105426"}],"wp:attachment":[{"href":"https:\/\/www.caririemacao.com\/1\/wp-json\/wp\/v2\/media?parent=116520"}],"wp:term":[{"taxonomy":"category","embeddable":true,"href":"https:\/\/www.caririemacao.com\/1\/wp-json\/wp\/v2\/categories?post=116520"},{"taxonomy":"post_tag","embeddable":true,"href":"https:\/\/www.caririemacao.com\/1\/wp-json\/wp\/v2\/tags?post=116520"}],"curies":[{"name":"wp","href":"https:\/\/api.w.org\/{rel}","templated":true}]}}