{"id":116539,"date":"2019-09-15T07:58:50","date_gmt":"2019-09-15T10:58:50","guid":{"rendered":"http:\/\/www.caririemacao.com\/1\/?p=116539"},"modified":"2019-09-15T07:58:50","modified_gmt":"2019-09-15T10:58:50","slug":"atleta-do-boca-passa-em-teste-no-botafogo-da-paraiba","status":"publish","type":"post","link":"https:\/\/www.caririemacao.com\/1\/2019\/09\/15\/atleta-do-boca-passa-em-teste-no-botafogo-da-paraiba\/","title":{"rendered":"Atleta do Boca passa em teste no Botafogo da Paraiba"},"content":{"rendered":"\n<p>Foi atrav\u00e9s do VF4 que o teste foi conseguido no time da Capital, Sidenildo e Ulises que s\u00e3o as duas pessoas respons\u00e1veis pelo o projeto do VF4 em Sum\u00e9 e regi\u00e3o conseguiram junto ao pai de Vitor Ferraz a oportunidade das meninas fazerem o teste no Belo, forte equipe paraibana que tem crescido muito nos \u00faltimos&nbsp;anos.<\/p>\n\n\n\n<p>Sidenildo j\u00e1 tinha fechado parceria com o azul\u00e3o sumeense e este teste foi o primeiro de muitos que v\u00e3o d\u00e1 a oportunidade de mais atletas sumeenses poder ir em busca de seus sonhos no futebol.<\/p>\n\n\n\n<p>As garotas do Boca chegaram na capital pela manh\u00e3 e l\u00e1 teve toda a aten\u00e7\u00e3o e estrutura&nbsp;da equipe e fam\u00edlia&nbsp;de Vitor Ferraz aonde as recebeu de portas abertas a todos, a capit\u00e3 da equipe Kelly tamb\u00e9m esteve acompanhando as meninas representando o presidente do clube que estava em sua \u00faltima aula na Universidade Estadual da Para\u00edba&nbsp;na cidade de Monteiro.<\/p>\n\n\n\n<p><\/p>\n\n\n\n<p>Rafa \u00e9 atleta da base do Boca e conseguiu passar no primeiro teste ficando assim em Jo\u00e3o Pessoa para ser avaliada com demais atletas e assim ter a oportunidade de se firmar, a jovem atacante a partir de segunda feira inicia a segunda fase do teste e receber\u00e1 todo treinamento necess\u00e1rio.&nbsp;<\/p>\n\n\n\n<p><\/p>\n\n\n\n<figure class=\"wp-block-image\"><a href=\"https:\/\/1.bp.blogspot.com\/-nAzMuATl4oQ\/XX4DUHnc5WI\/AAAAAAAAZUw\/B_iKv_fga-s6AQ8IPJobo4B8QUel2WGSACLcBGAsYHQ\/s1600\/WhatsApp%2BImage%2B2019-09-15%2Bat%2B05.51.52.jpeg\"><img decoding=\"async\" data-src=\"https:\/\/1.bp.blogspot.com\/-nAzMuATl4oQ\/XX4DUHnc5WI\/AAAAAAAAZUw\/B_iKv_fga-s6AQ8IPJobo4B8QUel2WGSACLcBGAsYHQ\/s280\/WhatsApp%2BImage%2B2019-09-15%2Bat%2B05.51.52.jpeg\" alt=\"\" src=\"data:image\/svg+xml;base64,PHN2ZyB3aWR0aD0iMSIgaGVpZ2h0PSIxIiB4bWxucz0iaHR0cDovL3d3dy53My5vcmcvMjAwMC9zdmciPjwvc3ZnPg==\" class=\"lazyload\" \/><\/a><\/figure>\n\n\n\n<p>Essas atletas da equipe sumeense se superaram ao chegar no Botafogo com apenas 2 treinos de futebol de campo este ano e um amistoso bem no inicio do ano, o t\u00e9cnico Junior de Careca falou: estou muito feliz e gra\u00e7as a Deus que ela conseguiu passar e assim abrir novas portas para muitas atletas de Sum\u00e9 e regi\u00e3o, nesta pr\u00f3xima segunda feira estarei procurando o prefeito Eden Duarte para poder conseguir um hor\u00e1rio fixo de treinos, para que essas meninas possam chegar muito mais preparadas em qualquer equipe e assim poder demostrar seu melhor futebol.<br><a href=\"https:\/\/1.bp.blogspot.com\/-DR12bIRHF_A\/XX4Jfl_anJI\/AAAAAAAAZVE\/M9is1vHGepU3iAg4sq3DGe3AjOSVqA__gCLcBGAsYHQ\/s1600\/rafa.jpg\"><\/a><\/p>\n\n\n\n<p>Venho agradecer desde j\u00e1 o nosso Prefeito Eden Duarte&nbsp; que n\u00e3o mediu esfor\u00e7os e deu total apoio&nbsp; para que as atletas pudessem&nbsp;viajar e tamb\u00e9m ao empres\u00e1rio L\u00e1zaro da S\u00e3o L\u00e1zaro.<\/p>\n\n\n\n<p>Agora \u00e9 muito trabalho e de todos os lados, nossa sumeense e atleta Rafa no Belo e as demais meninas aqui em Sum\u00e9 com toda garra determina\u00e7\u00e3o e tamb\u00e9m f\u00e9 em Deus para tamb\u00e9m&nbsp;conquistar seus sonhos, desde j\u00e1 a diretoria do Boca Junior\u00b4s de Sum\u00e9 agradece a todos os s\u00f3cios torcedores (projeto novo do clube), patrocinadores, prefeitura, prefeito Eden, Departamento de Esportes, Ulises e Sidenildo e todas as pessoas que torcem e apoiam a equipe, e Rafaela abriu portas e quem sabe no futuro tamb\u00e9m poderemos ter um time de Sum\u00e9 disputando o Paraibano de futebol de campo e assim dar muitas oportunidades a essas meninas de Sum\u00e9.<br><\/p>\n","protected":false},"excerpt":{"rendered":"<p>Foi atrav\u00e9s do VF4 que o teste foi conseguido no time da Capital, Sidenildo e Ulises que s\u00e3o as duas pessoas respons\u00e1veis pelo o projeto&hellip; <\/p>\n","protected":false},"author":1,"featured_media":116541,"comment_status":"closed","ping_status":"closed","sticky":false,"template":"","format":"standard","meta":{"sfsi_plus_gutenberg_text_before_share":"","sfsi_plus_gutenberg_show_text_before_share":"","sfsi_plus_gutenberg_icon_type":"","sfsi_plus_gutenberg_icon_alignemt":"","sfsi_plus_gutenburg_max_per_row":"","footnotes":""},"categories":[13],"tags":[],"class_list":["post-116539","post","type-post","status-publish","format-standard","has-post-thumbnail","hentry","category-esportes"],"_links":{"self":[{"href":"https:\/\/www.caririemacao.com\/1\/wp-json\/wp\/v2\/posts\/116539","targetHints":{"allow":["GET"]}}],"collection":[{"href":"https:\/\/www.caririemacao.com\/1\/wp-json\/wp\/v2\/posts"}],"about":[{"href":"https:\/\/www.caririemacao.com\/1\/wp-json\/wp\/v2\/types\/post"}],"author":[{"embeddable":true,"href":"https:\/\/www.caririemacao.com\/1\/wp-json\/wp\/v2\/users\/1"}],"replies":[{"embeddable":true,"href":"https:\/\/www.caririemacao.com\/1\/wp-json\/wp\/v2\/comments?post=116539"}],"version-history":[{"count":1,"href":"https:\/\/www.caririemacao.com\/1\/wp-json\/wp\/v2\/posts\/116539\/revisions"}],"predecessor-version":[{"id":116542,"href":"https:\/\/www.caririemacao.com\/1\/wp-json\/wp\/v2\/posts\/116539\/revisions\/116542"}],"wp:featuredmedia":[{"embeddable":true,"href":"https:\/\/www.caririemacao.com\/1\/wp-json\/wp\/v2\/media\/116541"}],"wp:attachment":[{"href":"https:\/\/www.caririemacao.com\/1\/wp-json\/wp\/v2\/media?parent=116539"}],"wp:term":[{"taxonomy":"category","embeddable":true,"href":"https:\/\/www.caririemacao.com\/1\/wp-json\/wp\/v2\/categories?post=116539"},{"taxonomy":"post_tag","embeddable":true,"href":"https:\/\/www.caririemacao.com\/1\/wp-json\/wp\/v2\/tags?post=116539"}],"curies":[{"name":"wp","href":"https:\/\/api.w.org\/{rel}","templated":true}]}}