{"id":116576,"date":"2019-09-15T08:37:30","date_gmt":"2019-09-15T11:37:30","guid":{"rendered":"http:\/\/www.caririemacao.com\/1\/?p=116576"},"modified":"2019-09-15T08:37:30","modified_gmt":"2019-09-15T11:37:30","slug":"novas-regras-da-cnh-passam-a-valer-na-segunda-feira-simulador-sera-opcional-e-aulas-serao-reduzidas","status":"publish","type":"post","link":"https:\/\/www.caririemacao.com\/1\/2019\/09\/15\/novas-regras-da-cnh-passam-a-valer-na-segunda-feira-simulador-sera-opcional-e-aulas-serao-reduzidas\/","title":{"rendered":"Novas regras da CNH passam a valer na segunda-feira, simulador ser\u00e1 opcional e aulas ser\u00e3o reduzidas"},"content":{"rendered":"\n<p>O Contran anunciou, no dia 18 de junho, novas mudan\u00e7as para obten\u00e7\u00e3o da CNH, entre elas o fim da obrigatoriedade das aulas no simulador e a redu\u00e7\u00e3o das aulas pr\u00e1ticas para as categorias A e B. Isso ocorreu duas semanas depois do presidente Bolsonaro entregar projeto de lei \u00e0 C\u00e2mara propondo altera\u00e7\u00f5es na carteira de motorista.<\/p>\n\n\n\n<p>O n\u00famero total de aulas pr\u00e1ticas para tirar a carteira da categoria B (autom\u00f3veis de at\u00e9 8 lugares) era de 25 horas, sendo 5 realizadas em per\u00edodo noturno. Com a nova resolu\u00e7\u00e3o, as aulas noturnas passam para apenas uma hora\/aula.<\/p>\n\n\n\n<p>Para a categoria A (motocicletas, motonetas e triciclos) a quantidade de aulas pr\u00e1ticas continua em 20 horas\/aula. Para o per\u00edodo noturno, foram reduzidas para apenas uma (eram quatro).<\/p>\n\n\n\n<p><strong>Simulador n\u00e3o \u00e9 mais obrigat\u00f3rio, mas ainda h\u00e1 regras<\/strong><\/p>\n\n\n\n<p>Obrigat\u00f3rias desde 2014, as aulas no simulador agora s\u00e3o facultativas. Em reuni\u00e3o com o Contran em abril, o Ministro da Infraestrutura Tarc\u00edsio Gomes de Freitas justificou, segundo a Ag\u00eancia Brasil, que \u201cningu\u00e9m conseguiu demonstrar que isso tem import\u00e2ncia para forma\u00e7\u00e3o do condutor. Nos pa\u00edses ao redor do mundo, com excelentes n\u00edveis de seguran\u00e7a no tr\u00e2nsito, n\u00e3o h\u00e1 essa obrigatoriedade\u201d.<\/p>\n\n\n\n<p>Para quem opte por manter o treinamento no simulador, o limite ser\u00e1 de 5 horas\/aula. Elas dever\u00e3o ser feitas antes das aulas pr\u00e1ticas em vias p\u00fablicas, desde que o CFC em que o aluno est\u00e1 cadastrado possua o equipamento.<\/p>\n\n\n\n<p><strong>Mais facilidade para pilotar a &#8220;cinquentinha&#8221;<\/strong><\/p>\n\n\n\n<p>O \u00f3rg\u00e3o tamb\u00e9m suspendeu durante 1 ano a necessidade de aulas te\u00f3ricas e pr\u00e1ticas para tirar a ACC (Autoriza\u00e7\u00e3o para Conduzir Ciclomotor), que permite rodar com ciclomotores at\u00e9 50 cilindradas, as famosas \u201ccinquentinhas\u201d.<\/p>\n\n\n\n<p>Ser\u00e1 preciso apenas fazer as provas te\u00f3rica e pr\u00e1tica. Depois do per\u00edodo, as aulas ir\u00e3o cair de 20 para 5 e poder\u00e3o ser feitas em um ciclomotor particular.<\/p>\n\n\n\n<p>A expectativa do Governo \u00e9 de que o custo para tirar a habilita\u00e7\u00e3o seja reduzido em 15%. A resolu\u00e7\u00e3o entrar\u00e1 em vigor 90 dias ap\u00f3s sua publica\u00e7\u00e3o, ou seja, nesta semana que come\u00e7a amanh\u00e3.<\/p>\n\n\n\n<p><strong>Entidade prev\u00ea problemas para o setor e para a seguran\u00e7a<\/strong><\/p>\n\n\n\n<p>Magnelson Carlos de Souza, presidente do sindicato das Autoescolas do Estado de S\u00e3o Paulo (SindAutoescola.SP), discorda da medida e acredita que as resolu\u00e7\u00f5es est\u00e3o sendo tomadas com um car\u00e1ter pol\u00edtico, mas precisariam ser pensadas de uma maneira respons\u00e1vel e t\u00e9cnica.<\/p>\n\n\n\n<p>Ele defende que o simulador, quando bem administrado, \u00e9 positivo na aprendizagem. Para isso, o equipamento precisa ser moderno, atual e estar em bom estado de funcionamento. Al\u00e9m disso, o instrutor precisa ser capacitado. Outro por\u00e9m: o aluno n\u00e3o deve ter tido contato com algum ve\u00edculo anteriormente, sen\u00e3o o simulador vira um videogame.<\/p>\n\n\n\n<p>Sobre o pre\u00e7o mais baixo, o presidente do sindicato acredita que isso ocorrer\u00e1, mas n\u00e3o por conta de o simulador se tornar facultativo, mas pela redu\u00e7\u00e3o da quantidade de aulas.<\/p>\n\n\n\n<p>Algo que, de acordo com Souza, poder\u00e1 ter um car\u00e1ter negativo, j\u00e1 que a aula noturna \u201cleva o cidad\u00e3o a ter uma experi\u00eancia em condi\u00e7\u00e3o adversa\u201d, explica.<\/p>\n\n\n\n<p><strong>Problema das Cinquentinhas ser\u00e1 pior para Norte e Nordeste<\/strong><\/p>\n\n\n\n<p>Outro ponto importante foi a suspens\u00e3o das aulas para tirar a ACC. Souza defende a preocupa\u00e7\u00e3o na libera\u00e7\u00e3o das aulas, pois o n\u00famero de acidentes e mortes envolvendo ciclomotores cresceram de forma demasiada no Norte e no Nordeste, regi\u00f5es onde s\u00e3o bastante populares.<\/p>\n","protected":false},"excerpt":{"rendered":"<p>O Contran anunciou, no dia 18 de junho, novas mudan\u00e7as para obten\u00e7\u00e3o da CNH, entre elas o fim da obrigatoriedade das aulas no simulador e&hellip; <\/p>\n","protected":false},"author":1,"featured_media":13520,"comment_status":"closed","ping_status":"closed","sticky":false,"template":"","format":"standard","meta":{"sfsi_plus_gutenberg_text_before_share":"","sfsi_plus_gutenberg_show_text_before_share":"","sfsi_plus_gutenberg_icon_type":"","sfsi_plus_gutenberg_icon_alignemt":"","sfsi_plus_gutenburg_max_per_row":"","footnotes":""},"categories":[2],"tags":[],"class_list":["post-116576","post","type-post","status-publish","format-standard","has-post-thumbnail","hentry","category-geral"],"_links":{"self":[{"href":"https:\/\/www.caririemacao.com\/1\/wp-json\/wp\/v2\/posts\/116576","targetHints":{"allow":["GET"]}}],"collection":[{"href":"https:\/\/www.caririemacao.com\/1\/wp-json\/wp\/v2\/posts"}],"about":[{"href":"https:\/\/www.caririemacao.com\/1\/wp-json\/wp\/v2\/types\/post"}],"author":[{"embeddable":true,"href":"https:\/\/www.caririemacao.com\/1\/wp-json\/wp\/v2\/users\/1"}],"replies":[{"embeddable":true,"href":"https:\/\/www.caririemacao.com\/1\/wp-json\/wp\/v2\/comments?post=116576"}],"version-history":[{"count":1,"href":"https:\/\/www.caririemacao.com\/1\/wp-json\/wp\/v2\/posts\/116576\/revisions"}],"predecessor-version":[{"id":116578,"href":"https:\/\/www.caririemacao.com\/1\/wp-json\/wp\/v2\/posts\/116576\/revisions\/116578"}],"wp:featuredmedia":[{"embeddable":true,"href":"https:\/\/www.caririemacao.com\/1\/wp-json\/wp\/v2\/media\/13520"}],"wp:attachment":[{"href":"https:\/\/www.caririemacao.com\/1\/wp-json\/wp\/v2\/media?parent=116576"}],"wp:term":[{"taxonomy":"category","embeddable":true,"href":"https:\/\/www.caririemacao.com\/1\/wp-json\/wp\/v2\/categories?post=116576"},{"taxonomy":"post_tag","embeddable":true,"href":"https:\/\/www.caririemacao.com\/1\/wp-json\/wp\/v2\/tags?post=116576"}],"curies":[{"name":"wp","href":"https:\/\/api.w.org\/{rel}","templated":true}]}}