{"id":116582,"date":"2019-09-15T08:40:58","date_gmt":"2019-09-15T11:40:58","guid":{"rendered":"http:\/\/www.caririemacao.com\/1\/?p=116582"},"modified":"2019-09-15T08:40:58","modified_gmt":"2019-09-15T11:40:58","slug":"governo-federal-alega-falta-de-recursos-para-fazer-canal-da-transposicao-para-sertao-da-pb-e-rn","status":"publish","type":"post","link":"https:\/\/www.caririemacao.com\/1\/2019\/09\/15\/governo-federal-alega-falta-de-recursos-para-fazer-canal-da-transposicao-para-sertao-da-pb-e-rn\/","title":{"rendered":"Governo Federal alega falta de recursos para fazer canal da Transposi\u00e7\u00e3o para Sert\u00e3o da PB e RN"},"content":{"rendered":"\n<p>A \u00e1gua da Transposi\u00e7\u00e3o do Rio S\u00e3o Francisco pode n\u00e3o chegar ao Sert\u00e3o paraibano e nem a localidade do Rio Grande do Norte. Isso porque o Governo Federal diz n\u00e3o ter recursos para construir o canal Cai\u00e7ara \u00c1vidos.<\/p>\n\n\n\n<p>A afirma\u00e7\u00e3o de que n\u00e3o existe previs\u00e3o financeira foi colocada por t\u00e9cnicos do Minist\u00e9rio do Desenvolvimento Regional e referendada pelo secret\u00e1rio nacional de Infraestrutura e Seguran\u00e7a H\u00eddrica, Marcelo Borges, durante audi\u00eancia com parlamentares, nesta quinta-feira (12). \u201cSem esse canal como \u00e9 que a \u00e1gua vai chegar no Rio Grande do Norte se n\u00e3o for pelo Rio Piranhas?\u201d, indaga o deputado estadual, Jeov\u00e1 Campos, um dos presentes \u00e0 audi\u00eancia.<\/p>\n\n\n\n<p>O deputado questionou ainda como que o Rio Piranhas ir\u00e1 se alimentar se n\u00e3o da barragem de Cai\u00e7ara, via Engenheiro \u00c1vidos, que \u00e9 a porta de pereniza\u00e7\u00e3o do Rio Piranhas. \u201cO Marcelo foi categ\u00f3rico em afirmar que n\u00e3o h\u00e1 recursos para fazer essa obra. Eu penso que a gente precisa colocar isso em debate, porque sem ela n\u00e3o chegar\u00e1 a t\u00e3o esperada \u00e1gua da Transposi\u00e7\u00e3o\u201d, destaca Jeov\u00e1.<\/p>\n\n\n\n<p>Al\u00e9m do deputado paraibano Jeov\u00e1 Campos, integraram a comitiva da Frente os deputados Ant\u00f4nio Fernando (PSC-PE), Guilherme Landin (PDT-CE) e Francisco do PT (PT-RN). Jeov\u00e1 que voltou nesta sexta-feira de Bras\u00edlia avalia que apesar da triste not\u00edcia, o balan\u00e7o da viagem foi muito positivo. \u201cAgora a gente sabe que tem que buscar outros meios para viabilizar essa obra, uma vez que o Governo Federal disse que n\u00e3o h\u00e1 disponibilidade de recursos para tal e que o que foi feito em Monteiro foi um procedimento t\u00e9cnico necess\u00e1rio para evitar maiores problemas\u201d, finaliza o deputado que durante sua estada em Bras\u00edlia ainda participou de reuni\u00f5es na Ag\u00eancia Nacional de \u00c1guas (ANA) e de uma atividade na C\u00e2mara, sobre Ci\u00eancia e Tecnologia, que debateu a convoca\u00e7\u00e3o do ministro Paulo Guedes para explicar os cortes nas bolsas dos pesquisadores do CNPQ.<\/p>\n\n\n\n<p><em>Fonte: Pol\u00eamica PB<\/em><\/p>\n","protected":false},"excerpt":{"rendered":"<p>A \u00e1gua da Transposi\u00e7\u00e3o do Rio S\u00e3o Francisco pode n\u00e3o chegar ao Sert\u00e3o paraibano e nem a localidade do Rio Grande do Norte. Isso porque&hellip; <\/p>\n","protected":false},"author":1,"featured_media":116585,"comment_status":"closed","ping_status":"closed","sticky":false,"template":"","format":"standard","meta":{"sfsi_plus_gutenberg_text_before_share":"","sfsi_plus_gutenberg_show_text_before_share":"","sfsi_plus_gutenberg_icon_type":"","sfsi_plus_gutenberg_icon_alignemt":"","sfsi_plus_gutenburg_max_per_row":"","footnotes":""},"categories":[11],"tags":[],"class_list":["post-116582","post","type-post","status-publish","format-standard","has-post-thumbnail","hentry","category-politica"],"_links":{"self":[{"href":"https:\/\/www.caririemacao.com\/1\/wp-json\/wp\/v2\/posts\/116582","targetHints":{"allow":["GET"]}}],"collection":[{"href":"https:\/\/www.caririemacao.com\/1\/wp-json\/wp\/v2\/posts"}],"about":[{"href":"https:\/\/www.caririemacao.com\/1\/wp-json\/wp\/v2\/types\/post"}],"author":[{"embeddable":true,"href":"https:\/\/www.caririemacao.com\/1\/wp-json\/wp\/v2\/users\/1"}],"replies":[{"embeddable":true,"href":"https:\/\/www.caririemacao.com\/1\/wp-json\/wp\/v2\/comments?post=116582"}],"version-history":[{"count":1,"href":"https:\/\/www.caririemacao.com\/1\/wp-json\/wp\/v2\/posts\/116582\/revisions"}],"predecessor-version":[{"id":116586,"href":"https:\/\/www.caririemacao.com\/1\/wp-json\/wp\/v2\/posts\/116582\/revisions\/116586"}],"wp:featuredmedia":[{"embeddable":true,"href":"https:\/\/www.caririemacao.com\/1\/wp-json\/wp\/v2\/media\/116585"}],"wp:attachment":[{"href":"https:\/\/www.caririemacao.com\/1\/wp-json\/wp\/v2\/media?parent=116582"}],"wp:term":[{"taxonomy":"category","embeddable":true,"href":"https:\/\/www.caririemacao.com\/1\/wp-json\/wp\/v2\/categories?post=116582"},{"taxonomy":"post_tag","embeddable":true,"href":"https:\/\/www.caririemacao.com\/1\/wp-json\/wp\/v2\/tags?post=116582"}],"curies":[{"name":"wp","href":"https:\/\/api.w.org\/{rel}","templated":true}]}}