{"id":116591,"date":"2019-09-15T08:42:54","date_gmt":"2019-09-15T11:42:54","guid":{"rendered":"http:\/\/www.caririemacao.com\/1\/?p=116591"},"modified":"2019-09-15T08:42:54","modified_gmt":"2019-09-15T11:42:54","slug":"campanha-setembro-laranja-alerta-para-a-obesidade-infantil","status":"publish","type":"post","link":"https:\/\/www.caririemacao.com\/1\/2019\/09\/15\/campanha-setembro-laranja-alerta-para-a-obesidade-infantil\/","title":{"rendered":"Campanha Setembro Laranja alerta para a obesidade infantil"},"content":{"rendered":"\n<p>A Sociedade de Pediatria de S\u00e3o Paulo (SPSP) promove, neste m\u00eas, a campanha Setembro Laranja, de combate \u00e0 obesidade infantil. O intuito \u00e9 conscientizar a comunidade m\u00e9dica e a popula\u00e7\u00e3o em geral sobre a import\u00e2ncia de pr\u00e1ticas alimentares saud\u00e1veis em casa e nas escolas, bem como estimular a pr\u00e1tica de atividades f\u00edsicas.<\/p>\n\n\n\n<p>A Organiza\u00e7\u00e3o Mundial da Sa\u00fade (OMS) aponta que 41 milh\u00f5es de crian\u00e7as menores de cinco anos estejam acima do peso. Para a Sociedade de Pediatria esse dado \u00e9 alarmante e a entidade est\u00e1 empenhada para que seja drasticamente reduzido. A conscientiza\u00e7\u00e3o \u00e9 imprescind\u00edvel para prevenir a obesidade infantil e outros problemas decorrentes de uma alimenta\u00e7\u00e3o inadequada, defende a sociedade.<\/p>\n\n\n\n<p>De acordo com o pediatra e nutr\u00f3logo Mauro Fisberg, membro do Departamento de Nutri\u00e7\u00e3o da SPSP, as principais implica\u00e7\u00f5es do excesso de peso podem ser divididas em problemas de curto, m\u00e9dio e longo prazo. \u201cA curto prazo \u00e9 a falta de diagn\u00f3stico, principalmente falta de conscientiza\u00e7\u00e3o, porque parte das fam\u00edlias e parte dos profissionais da sa\u00fade muitas vezes n\u00e3o avaliam ou interpretam as curvas de crescimento adequadamente e assim deixam de fazer o diagn\u00f3stico precoce do excesso e controle de peso\u201d.<\/p>\n\n\n\n<p>A segunda situa\u00e7\u00e3o, de acordo com o pediatra, s\u00e3o as caracter\u00edsticas emocionais como o bullying, \u201cque come\u00e7a dentro da pr\u00f3pria casa; as caracter\u00edsticas que levam altera\u00e7\u00f5es da din\u00e2mica familiar ou de comportamento\u201d. Segundo Fisberg, a car\u00eancia nutricional \u00e9 outro fator importante. \u201cApesar do excesso de peso, quase sempre as crian\u00e7as nessa condi\u00e7\u00e3o s\u00e3o seletivas, comem pouco de alguns alimentos e muito de outros. Elas podem ter altera\u00e7\u00f5es de pele, de postura, podem ter aumento do colesterol, dos triglic\u00e9rides, e pode ter aumento da resist\u00eancia insul\u00ednica [levando ao diabetes]. Isso pode causar no futuro um obesidade mais grave, hipertens\u00e3o, doen\u00e7as cardiovasculares, altera\u00e7\u00f5es lip\u00eddicas e todas os aspectos comportamentais e emocionais ligados ao excesso de peso\u201d, alerta.<\/p>\n\n\n\n<p>O pediatra orienta tamb\u00e9m sobre a preven\u00e7\u00e3o, que deve envolver toda a fam\u00edlia. \u201c\u00c9 importante prevenir atrav\u00e9s de uma mudan\u00e7a global em todo o sistema de comportamento da fam\u00edlia e da sociedade, modificando a alimenta\u00e7\u00e3o, reduzindo a ingest\u00e3o de alimenta\u00e7\u00e3o inadequada e aumentando a atividade f\u00edsica, mas principalmente tendo um comportamento mais consciente em rela\u00e7\u00e3o a esses aspectos: alimenta\u00e7\u00e3o, atividade f\u00edsica e de uma forma geral a forma como encaramos o comportamento da alimenta\u00e7\u00e3o dentro das fam\u00edlias\u201d.<\/p>\n\n\n\n<p>Fisberg alerta que a obesidade \u00e9 mais f\u00e1cil de ser prevenida do que tratada nas crian\u00e7as. \u201cHoje aproximadamente uma para cada quatro crian\u00e7as apresenta excesso de peso, e provavelmente dessas, em torno de 8% a 10% tem obesidade e quase todas tem obesidade grave. Por isso ela deve ser prevenida, porque n\u00e3o \u00e9 muito simples perder peso exatamente numa fase de crescimento e desenvolvimento, onde faz parte da vida que se ganhe peso, ganhe massa muscular e massa gordurosa, ent\u00e3o \u00e9 preciso equilibrar crescimento e desenvolvimento com restri\u00e7\u00e3o de energia e que n\u00e3o modifique o crescimento, por isso \u00e9 muito mais importante prevenir do que tratar\u201d, adverte.<\/p>\n\n\n\n<h2 class=\"wp-block-heading\">Orienta\u00e7\u00e3o<\/h2>\n\n\n\n<p>Como parte da programa\u00e7\u00e3o, est\u00e1 prevista a realiza\u00e7\u00e3o do evento Preven\u00e7\u00e3o da Obesidade Infantil &#8211; Setembro Laranja, com transmiss\u00e3o ao vivo pela p\u00e1gina da SPSP no Facebook. Segundo a coordenadora da campanha, pediatra Maria Arlete Escriv\u00e3o, o objetivo \u00e9 abrir um novo canal de di\u00e1logo com a comunidade, levando informa\u00e7\u00f5es e respondendo as d\u00favidas sobre a preven\u00e7\u00e3o da obesidade.<\/p>\n\n\n\n<p>\u201cQueremos alertar sobre o aumento da preval\u00eancia da obesidade infantil, orientar como preveni-la e explicar suas consequ\u00eancias. Al\u00e9m disso, ressaltar a import\u00e2ncia do acompanhamento do peso e da estatura de crian\u00e7as e adolescentes pelo pediatra, com o objetivo de detectar precocemente o aumento excessivo de peso\u201d, disse a especialista.<\/p>\n\n\n\n<p>EBC<\/p>\n","protected":false},"excerpt":{"rendered":"<p>A Sociedade de Pediatria de S\u00e3o Paulo (SPSP) promove, neste m\u00eas, a campanha Setembro Laranja, de combate \u00e0 obesidade infantil. O intuito \u00e9 conscientizar a&hellip; <\/p>\n","protected":false},"author":1,"featured_media":116593,"comment_status":"closed","ping_status":"closed","sticky":false,"template":"","format":"standard","meta":{"sfsi_plus_gutenberg_text_before_share":"","sfsi_plus_gutenberg_show_text_before_share":"","sfsi_plus_gutenberg_icon_type":"","sfsi_plus_gutenberg_icon_alignemt":"","sfsi_plus_gutenburg_max_per_row":"","footnotes":""},"categories":[50,16],"tags":[],"class_list":["post-116591","post","type-post","status-publish","format-standard","has-post-thumbnail","hentry","category-destaque","category-saude"],"_links":{"self":[{"href":"https:\/\/www.caririemacao.com\/1\/wp-json\/wp\/v2\/posts\/116591","targetHints":{"allow":["GET"]}}],"collection":[{"href":"https:\/\/www.caririemacao.com\/1\/wp-json\/wp\/v2\/posts"}],"about":[{"href":"https:\/\/www.caririemacao.com\/1\/wp-json\/wp\/v2\/types\/post"}],"author":[{"embeddable":true,"href":"https:\/\/www.caririemacao.com\/1\/wp-json\/wp\/v2\/users\/1"}],"replies":[{"embeddable":true,"href":"https:\/\/www.caririemacao.com\/1\/wp-json\/wp\/v2\/comments?post=116591"}],"version-history":[{"count":1,"href":"https:\/\/www.caririemacao.com\/1\/wp-json\/wp\/v2\/posts\/116591\/revisions"}],"predecessor-version":[{"id":116594,"href":"https:\/\/www.caririemacao.com\/1\/wp-json\/wp\/v2\/posts\/116591\/revisions\/116594"}],"wp:featuredmedia":[{"embeddable":true,"href":"https:\/\/www.caririemacao.com\/1\/wp-json\/wp\/v2\/media\/116593"}],"wp:attachment":[{"href":"https:\/\/www.caririemacao.com\/1\/wp-json\/wp\/v2\/media?parent=116591"}],"wp:term":[{"taxonomy":"category","embeddable":true,"href":"https:\/\/www.caririemacao.com\/1\/wp-json\/wp\/v2\/categories?post=116591"},{"taxonomy":"post_tag","embeddable":true,"href":"https:\/\/www.caririemacao.com\/1\/wp-json\/wp\/v2\/tags?post=116591"}],"curies":[{"name":"wp","href":"https:\/\/api.w.org\/{rel}","templated":true}]}}