{"id":116601,"date":"2019-09-15T09:27:02","date_gmt":"2019-09-15T12:27:02","guid":{"rendered":"http:\/\/www.caririemacao.com\/1\/?p=116601"},"modified":"2019-09-15T09:27:02","modified_gmt":"2019-09-15T12:27:02","slug":"dino-diz-que-lula-tera-que-ser-solto-em-no-maximo-tres-semanas","status":"publish","type":"post","link":"https:\/\/www.caririemacao.com\/1\/2019\/09\/15\/dino-diz-que-lula-tera-que-ser-solto-em-no-maximo-tres-semanas\/","title":{"rendered":"Dino diz que Lula ter\u00e1 que ser solto em no m\u00e1ximo tr\u00eas semanas"},"content":{"rendered":"\n<p>&#8220;O direito \u00e0 liberdade de Lula desde o m\u00eas de abril deriva da detra\u00e7\u00e3o prevista no art 387 do CPP. O Minist\u00e9rio P\u00fablico reconheceu esse direito. E em setembro ele completa 1\/6 da pena. Na pior das hip\u00f3teses, em 2 ou 3 semanas DEVE estar no semiaberto. N\u00e3o \u00e9 favor, \u00e9 direito&#8221;, afirma o governador do Maranh\u00e3o, Fl\u00e1vio Dino.<\/p>\n\n\n\n<p>A pris\u00e3o pol\u00edtica do ex-presidente Lula, determinada pelo ex-juiz Sergio Moro para que ele n\u00e3o disputasse as elei\u00e7\u00f5es presidenciais de 2018, que venceria no primeiro turno, ter\u00e1 que chegar ao fim em no m\u00e1ximo tr\u00eas semanas. Quem garante \u00e9 o governador do Maranh\u00e3o, Fl\u00e1vio Dino, que foi juiz e passou em primeiro lugar no mesmo concurso prestado por Moro.<\/p>\n\n\n\n<figure class=\"wp-block-image\"><a href=\"https:\/\/twitter.com\/FlavioDino\"><img decoding=\"async\" data-src=\"https:\/\/pbs.twimg.com\/profile_images\/1172691410895720448\/JVV18buI_bigger.jpg\" alt=\"\" src=\"data:image\/svg+xml;base64,PHN2ZyB3aWR0aD0iMSIgaGVpZ2h0PSIxIiB4bWxucz0iaHR0cDovL3d3dy53My5vcmcvMjAwMC9zdmciPjwvc3ZnPg==\" class=\"lazyload\" \/><\/a><\/figure>\n\n\n\n<p><a href=\"https:\/\/twitter.com\/FlavioDino\"><strong>Fl\u00e1vio Dino&nbsp;<\/strong><strong>&#x2714;<\/strong>@FlavioDino<\/a><a href=\"https:\/\/twitter.com\/FlavioDino\/status\/1172877048886546432\"><\/a><\/p>\n\n\n\n<p>O direito \u00e0 liberdade de Lula desde o m\u00eas de abril deriva da detra\u00e7\u00e3o prevista no art 387 do CPP. O Minist\u00e9rio P\u00fablico reconheceu esse direito. E em setembro ele completa 1\/6 da pena. Na pior das hip\u00f3teses, em 2 ou 3 semanas DEVE estar no semiaberto. N\u00e3o \u00e9 favor, \u00e9 direito.<a href=\"https:\/\/twitter.com\/intent\/like?tweet_id=1172877048886546432\">2.982<\/a><a href=\"https:\/\/twitter.com\/FlavioDino\/status\/1172877048886546432\">11:17 &#8211; 14 de set de 2019<\/a><a href=\"https:\/\/support.twitter.com\/articles\/20175256\">Informa\u00e7\u00f5es e privacidade no Twitter Ads<\/a><a href=\"https:\/\/twitter.com\/FlavioDino\/status\/1172877048886546432\">644 pessoas est\u00e3o falando sobre isso<\/a><\/p>\n","protected":false},"excerpt":{"rendered":"<p>&#8220;O direito \u00e0 liberdade de Lula desde o m\u00eas de abril deriva da detra\u00e7\u00e3o prevista no art 387 do CPP. O Minist\u00e9rio P\u00fablico reconheceu esse&hellip; <\/p>\n","protected":false},"author":1,"featured_media":96576,"comment_status":"closed","ping_status":"closed","sticky":false,"template":"","format":"standard","meta":{"sfsi_plus_gutenberg_text_before_share":"","sfsi_plus_gutenberg_show_text_before_share":"","sfsi_plus_gutenberg_icon_type":"","sfsi_plus_gutenberg_icon_alignemt":"","sfsi_plus_gutenburg_max_per_row":"","footnotes":""},"categories":[50,11],"tags":[],"class_list":["post-116601","post","type-post","status-publish","format-standard","has-post-thumbnail","hentry","category-destaque","category-politica"],"_links":{"self":[{"href":"https:\/\/www.caririemacao.com\/1\/wp-json\/wp\/v2\/posts\/116601","targetHints":{"allow":["GET"]}}],"collection":[{"href":"https:\/\/www.caririemacao.com\/1\/wp-json\/wp\/v2\/posts"}],"about":[{"href":"https:\/\/www.caririemacao.com\/1\/wp-json\/wp\/v2\/types\/post"}],"author":[{"embeddable":true,"href":"https:\/\/www.caririemacao.com\/1\/wp-json\/wp\/v2\/users\/1"}],"replies":[{"embeddable":true,"href":"https:\/\/www.caririemacao.com\/1\/wp-json\/wp\/v2\/comments?post=116601"}],"version-history":[{"count":1,"href":"https:\/\/www.caririemacao.com\/1\/wp-json\/wp\/v2\/posts\/116601\/revisions"}],"predecessor-version":[{"id":116604,"href":"https:\/\/www.caririemacao.com\/1\/wp-json\/wp\/v2\/posts\/116601\/revisions\/116604"}],"wp:featuredmedia":[{"embeddable":true,"href":"https:\/\/www.caririemacao.com\/1\/wp-json\/wp\/v2\/media\/96576"}],"wp:attachment":[{"href":"https:\/\/www.caririemacao.com\/1\/wp-json\/wp\/v2\/media?parent=116601"}],"wp:term":[{"taxonomy":"category","embeddable":true,"href":"https:\/\/www.caririemacao.com\/1\/wp-json\/wp\/v2\/categories?post=116601"},{"taxonomy":"post_tag","embeddable":true,"href":"https:\/\/www.caririemacao.com\/1\/wp-json\/wp\/v2\/tags?post=116601"}],"curies":[{"name":"wp","href":"https:\/\/api.w.org\/{rel}","templated":true}]}}