{"id":116603,"date":"2019-09-16T20:28:33","date_gmt":"2019-09-16T23:28:33","guid":{"rendered":"http:\/\/www.caririemacao.com\/1\/?p=116603"},"modified":"2019-09-16T21:57:06","modified_gmt":"2019-09-17T00:57:06","slug":"servidores-da-prefeitura-de-camalau-participam-de-capacitacao-no-tce","status":"publish","type":"post","link":"https:\/\/www.caririemacao.com\/1\/2019\/09\/16\/servidores-da-prefeitura-de-camalau-participam-de-capacitacao-no-tce\/","title":{"rendered":"Servidores da Prefeitura de Camala\u00fa participam de capacita\u00e7\u00e3o no TCE"},"content":{"rendered":"\n<p>Foi iniciado entre os dias 12 e 13, quinta e sexta-feira,\nrespectivamente, no Tribunal de Contas da Para\u00edba o Curso de Aperfei\u00e7oamento em\nAdministra\u00e7\u00e3o P\u00fablica (CAAP), iniciativa em favor da qualifica\u00e7\u00e3o dos quadros\nt\u00e9cnicos municipais e estaduais.<\/p>\n\n\n\n<p>E para participar desse curso, a Prefeitura de Camala\u00fa conta com a presen\u00e7a dos servidores Ur\u00e2nio Mayer (Licita\u00e7\u00e3o), Marciel Alves e Sim\u00e3o Freitas (Finan\u00e7as) que est\u00e3o durante quase um ano se aperfei\u00e7oando seus conhecimentos em favor da Gest\u00e3o Municipal de Camala\u00fa. <\/p>\n\n\n\n<p>Vale lembrar que O Curso de Aperfei\u00e7oamento em Administra\u00e7\u00e3o\nP\u00fablica (CAAP) tem grade com onze m\u00f3dulos e somente ser\u00e1 encerrado em maio de\n2020. At\u00e9 l\u00e1, os alunos ter\u00e3o recebido ensinamentos sobre \u201cReda\u00e7\u00e3o Oficial\u201d,\n\u201cAdministra\u00e7\u00e3o P\u00fablica Gerencial\u201d, \u201cGest\u00e3o P\u00fablica e Responsabilidade Fiscal\u201d,\n\u201cInstrumentos de Planejamento, Or\u00e7amento e Gest\u00e3o\u201d, \u201cLicita\u00e7\u00f5es, Contratos e\nConv\u00eanios\u201d, \u201cControle Social\u201d, \u201cInstrumentos de Controle Social\u201d, \u201cGest\u00e3o de\nPessoal no Setor P\u00fablico\u201d, \u201cGest\u00e3o de Pessoal no Setor P\u00fablico \u2013 Aposentadorias\ne Pens\u00f5es\u201d, \u201cNormatiza\u00e7\u00e3o do TCE\u201d e \u201cControle Interno\u201d.<\/p>\n","protected":false},"excerpt":{"rendered":"<p>Foi iniciado entre os dias 12 e 13, quinta e sexta-feira, respectivamente, no Tribunal de Contas da Para\u00edba o Curso de Aperfei\u00e7oamento em Administra\u00e7\u00e3o P\u00fablica&hellip; <\/p>\n","protected":false},"author":2,"featured_media":117043,"comment_status":"closed","ping_status":"closed","sticky":false,"template":"","format":"standard","meta":{"sfsi_plus_gutenberg_text_before_share":"","sfsi_plus_gutenberg_show_text_before_share":"","sfsi_plus_gutenberg_icon_type":"","sfsi_plus_gutenberg_icon_alignemt":"","sfsi_plus_gutenburg_max_per_row":"","footnotes":""},"categories":[6,50],"tags":[],"class_list":["post-116603","post","type-post","status-publish","format-standard","has-post-thumbnail","hentry","category-cidades","category-destaque"],"_links":{"self":[{"href":"https:\/\/www.caririemacao.com\/1\/wp-json\/wp\/v2\/posts\/116603","targetHints":{"allow":["GET"]}}],"collection":[{"href":"https:\/\/www.caririemacao.com\/1\/wp-json\/wp\/v2\/posts"}],"about":[{"href":"https:\/\/www.caririemacao.com\/1\/wp-json\/wp\/v2\/types\/post"}],"author":[{"embeddable":true,"href":"https:\/\/www.caririemacao.com\/1\/wp-json\/wp\/v2\/users\/2"}],"replies":[{"embeddable":true,"href":"https:\/\/www.caririemacao.com\/1\/wp-json\/wp\/v2\/comments?post=116603"}],"version-history":[{"count":2,"href":"https:\/\/www.caririemacao.com\/1\/wp-json\/wp\/v2\/posts\/116603\/revisions"}],"predecessor-version":[{"id":117042,"href":"https:\/\/www.caririemacao.com\/1\/wp-json\/wp\/v2\/posts\/116603\/revisions\/117042"}],"wp:featuredmedia":[{"embeddable":true,"href":"https:\/\/www.caririemacao.com\/1\/wp-json\/wp\/v2\/media\/117043"}],"wp:attachment":[{"href":"https:\/\/www.caririemacao.com\/1\/wp-json\/wp\/v2\/media?parent=116603"}],"wp:term":[{"taxonomy":"category","embeddable":true,"href":"https:\/\/www.caririemacao.com\/1\/wp-json\/wp\/v2\/categories?post=116603"},{"taxonomy":"post_tag","embeddable":true,"href":"https:\/\/www.caririemacao.com\/1\/wp-json\/wp\/v2\/tags?post=116603"}],"curies":[{"name":"wp","href":"https:\/\/api.w.org\/{rel}","templated":true}]}}