{"id":116612,"date":"2019-09-15T09:59:56","date_gmt":"2019-09-15T12:59:56","guid":{"rendered":"http:\/\/www.caririemacao.com\/1\/?p=116612"},"modified":"2019-09-15T09:59:56","modified_gmt":"2019-09-15T12:59:56","slug":"sume-realiza-conferencia-de-assistencia-social-nesta-sexta-feira-20","status":"publish","type":"post","link":"https:\/\/www.caririemacao.com\/1\/2019\/09\/15\/sume-realiza-conferencia-de-assistencia-social-nesta-sexta-feira-20\/","title":{"rendered":"Sum\u00e9 realiza Confer\u00eancia de Assist\u00eancia Social nesta sexta-feira (20)"},"content":{"rendered":"\n<p>A Secretaria de Assist\u00eancia Social, por meio do Conselho\nMunicipal de Assist\u00eancia Social, realizam na pr\u00f3xima sexta-feira, dia 20 de\nsetembro, a partir das 08h, no plen\u00e1rio da C\u00e2mara de Vereadores de Sum\u00e9 a <strong>Confer\u00eancia de Assist\u00eancia Social.<\/strong><\/p>\n\n\n\n<p>O evento tem como tema central \u201cAssist\u00eancia Social: direito do povo, com financiamento p\u00fablico e participa\u00e7\u00e3o social\u201d. O evento ser\u00e1 aberto a toda popula\u00e7\u00e3o sumeense, profissionais e autoridades.<\/p>\n\n\n\n<figure class=\"wp-block-image\"><img fetchpriority=\"high\" decoding=\"async\" width=\"1024\" height=\"762\" src=\"http:\/\/www.caririemacao.com\/1\/wp-content\/uploads\/2019\/09\/DSC_0080-1024x762.jpg\" alt=\"\" class=\"wp-image-116614\" srcset=\"https:\/\/www.caririemacao.com\/1\/wp-content\/uploads\/2019\/09\/DSC_0080-1024x762.jpg 1024w, https:\/\/www.caririemacao.com\/1\/wp-content\/uploads\/2019\/09\/DSC_0080-300x223.jpg 300w, https:\/\/www.caririemacao.com\/1\/wp-content\/uploads\/2019\/09\/DSC_0080-768x571.jpg 768w, https:\/\/www.caririemacao.com\/1\/wp-content\/uploads\/2019\/09\/DSC_0080.jpg 1481w\" sizes=\"(max-width: 1024px) 100vw, 1024px\" \/><\/figure>\n\n\n\n<p>Para a secret\u00e1ria  Tanniery L\u00eala, a confer\u00eancia de Assist\u00eancia Social \u00e9 um espa\u00e7o amplo e democr\u00e1tico de discuss\u00e3o e articula\u00e7\u00e3o coletivas entorno de propostas e estrat\u00e9gias de organiza\u00e7\u00e3o. \u201cSua principal caracter\u00edstica \u00e9 reunir governo e sociedade civil organizada para debater e decidir as prioridades nas pol\u00edticas p\u00fablicas nos pr\u00f3ximos anos. S\u00e3o inst\u00e2ncias que t\u00eam por atribui\u00e7\u00f5es a avalia\u00e7\u00e3o da pol\u00edtica de assist\u00eancia social e a defini\u00e7\u00e3o de diretrizes para o aprimoramento do Sistema \u00danico de Assist\u00eancia Social (SUAS)\u201d, explicou.<\/p>\n\n\n\n<p>Ela ainda complementou dizendo que esse \u00e9 um espa\u00e7o de\ndebate coletivo onde oportuniza a participa\u00e7\u00e3o social mais representativa,\nassegurando momentos para discuss\u00e3o e avalia\u00e7\u00e3o das a\u00e7\u00f5es governamentais e\ntamb\u00e9m para a elei\u00e7\u00e3o de prioridades pol\u00edticas para os respectivos n\u00edveis de\ngoverno, \u00e0s diferentes organiza\u00e7\u00f5es da sociedade civil que representam os usu\u00e1rios,\ntrabalhadores e as entidades de assist\u00eancia social.<\/p>\n","protected":false},"excerpt":{"rendered":"<p>A Secretaria de Assist\u00eancia Social, por meio do Conselho Municipal de Assist\u00eancia Social, realizam na pr\u00f3xima sexta-feira, dia 20 de setembro, a partir das 08h,&hellip; <\/p>\n","protected":false},"author":2,"featured_media":116613,"comment_status":"closed","ping_status":"closed","sticky":false,"template":"","format":"standard","meta":{"sfsi_plus_gutenberg_text_before_share":"","sfsi_plus_gutenberg_show_text_before_share":"","sfsi_plus_gutenberg_icon_type":"","sfsi_plus_gutenberg_icon_alignemt":"","sfsi_plus_gutenburg_max_per_row":"","footnotes":""},"categories":[6,50],"tags":[],"class_list":["post-116612","post","type-post","status-publish","format-standard","has-post-thumbnail","hentry","category-cidades","category-destaque"],"_links":{"self":[{"href":"https:\/\/www.caririemacao.com\/1\/wp-json\/wp\/v2\/posts\/116612","targetHints":{"allow":["GET"]}}],"collection":[{"href":"https:\/\/www.caririemacao.com\/1\/wp-json\/wp\/v2\/posts"}],"about":[{"href":"https:\/\/www.caririemacao.com\/1\/wp-json\/wp\/v2\/types\/post"}],"author":[{"embeddable":true,"href":"https:\/\/www.caririemacao.com\/1\/wp-json\/wp\/v2\/users\/2"}],"replies":[{"embeddable":true,"href":"https:\/\/www.caririemacao.com\/1\/wp-json\/wp\/v2\/comments?post=116612"}],"version-history":[{"count":1,"href":"https:\/\/www.caririemacao.com\/1\/wp-json\/wp\/v2\/posts\/116612\/revisions"}],"predecessor-version":[{"id":116615,"href":"https:\/\/www.caririemacao.com\/1\/wp-json\/wp\/v2\/posts\/116612\/revisions\/116615"}],"wp:featuredmedia":[{"embeddable":true,"href":"https:\/\/www.caririemacao.com\/1\/wp-json\/wp\/v2\/media\/116613"}],"wp:attachment":[{"href":"https:\/\/www.caririemacao.com\/1\/wp-json\/wp\/v2\/media?parent=116612"}],"wp:term":[{"taxonomy":"category","embeddable":true,"href":"https:\/\/www.caririemacao.com\/1\/wp-json\/wp\/v2\/categories?post=116612"},{"taxonomy":"post_tag","embeddable":true,"href":"https:\/\/www.caririemacao.com\/1\/wp-json\/wp\/v2\/tags?post=116612"}],"curies":[{"name":"wp","href":"https:\/\/api.w.org\/{rel}","templated":true}]}}