{"id":116616,"date":"2019-09-15T10:10:04","date_gmt":"2019-09-15T13:10:04","guid":{"rendered":"http:\/\/www.caririemacao.com\/1\/?p=116616"},"modified":"2019-09-15T10:10:04","modified_gmt":"2019-09-15T13:10:04","slug":"para-50-dos-brasileiros-gasto-publico-e-insuficiente-apura-datafolha","status":"publish","type":"post","link":"https:\/\/www.caririemacao.com\/1\/2019\/09\/15\/para-50-dos-brasileiros-gasto-publico-e-insuficiente-apura-datafolha\/","title":{"rendered":"Para 50% dos brasileiros, gasto p\u00fablico \u00e9 insuficiente, apura Datafolha"},"content":{"rendered":"\n<p>(FOLHAPRESS) \u2013 Pesquisa nacional feita pelo Datafolha aponta aumento no percentual de brasileiros que avaliam o n\u00edvel atual dos gastos p\u00fablicos como insuficiente. De acordo com o levantamento, feito em 29 e 30 de agosto, 50% fazem essa avalia\u00e7\u00e3o. Na pesquisa anterior, de dezembro de 2016, eram 39%.<\/p>\n\n\n\n<p>O Datafolha questionou qual situa\u00e7\u00e3o descreveria melhor os gastos p\u00fablicos no Brasil. O percentual dos que avaliam essas despesas como suficientes caiu de 57% para 46% na mesma compara\u00e7\u00e3o. Considerando a margem de erro da pesquisa de dois pontos percentuais, para mais ou para menos, h\u00e1 um empate entre os dois grupos.<\/p>\n\n\n\n<p>Embora ainda sejam minoria, cresceu de 7% para 23% o percentual de entrevistados que consideram que o dinheiro p\u00fablico est\u00e1 sendo bem aplicado em servi\u00e7os para a popula\u00e7\u00e3o.<\/p>\n\n\n\n<p>Nesse per\u00edodo, as despesas do governo federal encolheram 5%, considerando dados corrigidos pela infla\u00e7\u00e3o. O corte nas despesas n\u00e3o obrigat\u00f3rias, como investimentos e bolsas de estudo, chega a quase 30%. A queda nos gastos \u00e9 explicada pela tentativa de reduzir o deficit p\u00fablico e tamb\u00e9m pelo teto de gastos.<\/p>\n\n\n\n<p>A insatisfa\u00e7\u00e3o com o n\u00edvel de gastos \u00e9 maior entre os que declaram ter como partido de prefer\u00eancia o PSL do presidente Jair Bolsonaro (58%) do que entre os que preferem o PT (52%).<\/p>\n\n\n\n<figure class=\"wp-block-image\"><img decoding=\"async\" data-src=\"https:\/\/paraibaonline.com.br\/wp-content\/uploads\/2016\/03\/dinheiro-556x417.jpg\" alt=\"\" class=\"wp-image-53368 lazyload\" src=\"data:image\/svg+xml;base64,PHN2ZyB3aWR0aD0iMSIgaGVpZ2h0PSIxIiB4bWxucz0iaHR0cDovL3d3dy53My5vcmcvMjAwMC9zdmciPjwvc3ZnPg==\" style=\"--smush-placeholder-width: 556px; --smush-placeholder-aspect-ratio: 556\/417;\" \/><\/figure>\n\n\n\n<p>Foto: Ascom<\/p>\n\n\n\n<p>Os partid\u00e1rios do PSL, no entanto, consideram que os recursos est\u00e3o sendo bem aplicados (59% dizem isso). Entre os petistas, apenas 10% t\u00eam essa opini\u00e3o.<\/p>\n\n\n\n<p>Os que votaram em Bolsonaro est\u00e3o divididos: as despesas s\u00e3o insuficientes para 50% e suficientes para 48%. Para 59%, o dinheiro \u00e9 mal aplicado.<\/p>\n\n\n\n<p>O detalhamento da pesquisa tamb\u00e9m mostra que a avalia\u00e7\u00e3o de que os gastos s\u00e3o insuficientes \u00e9 maior entre as pessoas com mais de 60 anos (53%) e entre aquelas com renda familiar mensal de at\u00e9 cinco sal\u00e1rios m\u00ednimos (50%).<\/p>\n\n\n\n<p>Pela ocupa\u00e7\u00e3o, destacam-se as donas de casa (58%) e os desempregados em busca de emprego (55%). A insatisfa\u00e7\u00e3o \u00e9 menor entre estudantes (44%) e funcion\u00e1rios p\u00fablicos (43%).<\/p>\n\n\n\n<p>O Datafolha ouviu 2.878 pessoas em 175 munic\u00edpios de todas as regi\u00f5es. O n\u00edvel de confian\u00e7a \u00e9 de 95%.<\/p>\n\n\n\n<p>Neste ano, o governo j\u00e1 bloqueou mais de R$ 30 bilh\u00f5es do Or\u00e7amento para n\u00e3o estourar o limite de d\u00e9ficit fixado na lei or\u00e7ament\u00e1ria. Isso ocorreu, principalmente, porque o pa\u00eds cresceu menos que o estimado e a arrecada\u00e7\u00e3o ficou abaixo do projetado.<\/p>\n\n\n\n<p>O valor representa mais de 25% das despesas discricion\u00e1rias (n\u00e3o obrigat\u00f3rias), que s\u00e3o aquelas que o governo pode bloquear e englobam gastos com energia el\u00e9trica, \u00e1gua, terceirizados e materiais administrativos, al\u00e9m de investimentos, bolsas de estudo e emiss\u00e3o de passaportes, por exemplo.<\/p>\n\n\n\n<p>A proposta de Or\u00e7amento para 2020 \u00e9 ainda mais apertada e projeta esses gastos em um n\u00edvel que pode impedir o funcionamento da m\u00e1quina p\u00fablica, segundo a IFI (Institui\u00e7\u00e3o Fiscal Independente).<\/p>\n","protected":false},"excerpt":{"rendered":"<p>(FOLHAPRESS) \u2013 Pesquisa nacional feita pelo Datafolha aponta aumento no percentual de brasileiros que avaliam o n\u00edvel atual dos gastos p\u00fablicos como insuficiente. De acordo&hellip; <\/p>\n","protected":false},"author":1,"featured_media":103549,"comment_status":"closed","ping_status":"closed","sticky":false,"template":"","format":"standard","meta":{"sfsi_plus_gutenberg_text_before_share":"","sfsi_plus_gutenberg_show_text_before_share":"","sfsi_plus_gutenberg_icon_type":"","sfsi_plus_gutenberg_icon_alignemt":"","sfsi_plus_gutenburg_max_per_row":"","footnotes":""},"categories":[2],"tags":[],"class_list":["post-116616","post","type-post","status-publish","format-standard","has-post-thumbnail","hentry","category-geral"],"_links":{"self":[{"href":"https:\/\/www.caririemacao.com\/1\/wp-json\/wp\/v2\/posts\/116616","targetHints":{"allow":["GET"]}}],"collection":[{"href":"https:\/\/www.caririemacao.com\/1\/wp-json\/wp\/v2\/posts"}],"about":[{"href":"https:\/\/www.caririemacao.com\/1\/wp-json\/wp\/v2\/types\/post"}],"author":[{"embeddable":true,"href":"https:\/\/www.caririemacao.com\/1\/wp-json\/wp\/v2\/users\/1"}],"replies":[{"embeddable":true,"href":"https:\/\/www.caririemacao.com\/1\/wp-json\/wp\/v2\/comments?post=116616"}],"version-history":[{"count":1,"href":"https:\/\/www.caririemacao.com\/1\/wp-json\/wp\/v2\/posts\/116616\/revisions"}],"predecessor-version":[{"id":116618,"href":"https:\/\/www.caririemacao.com\/1\/wp-json\/wp\/v2\/posts\/116616\/revisions\/116618"}],"wp:featuredmedia":[{"embeddable":true,"href":"https:\/\/www.caririemacao.com\/1\/wp-json\/wp\/v2\/media\/103549"}],"wp:attachment":[{"href":"https:\/\/www.caririemacao.com\/1\/wp-json\/wp\/v2\/media?parent=116616"}],"wp:term":[{"taxonomy":"category","embeddable":true,"href":"https:\/\/www.caririemacao.com\/1\/wp-json\/wp\/v2\/categories?post=116616"},{"taxonomy":"post_tag","embeddable":true,"href":"https:\/\/www.caririemacao.com\/1\/wp-json\/wp\/v2\/tags?post=116616"}],"curies":[{"name":"wp","href":"https:\/\/api.w.org\/{rel}","templated":true}]}}