{"id":116623,"date":"2019-09-15T10:12:06","date_gmt":"2019-09-15T13:12:06","guid":{"rendered":"http:\/\/www.caririemacao.com\/1\/?p=116623"},"modified":"2019-09-15T10:12:06","modified_gmt":"2019-09-15T13:12:06","slug":"morre-em-sao-paulo-o-cantor-roberto-leal-aos-67-anos","status":"publish","type":"post","link":"https:\/\/www.caririemacao.com\/1\/2019\/09\/15\/morre-em-sao-paulo-o-cantor-roberto-leal-aos-67-anos\/","title":{"rendered":"Morre em S\u00e3o Paulo o cantor Roberto Leal, aos 67 anos"},"content":{"rendered":"\n<p>Morreu na madrugada deste domingo (15), em S\u00e3o Paulo, o cantor portugu\u00eas Roberto Leal, aos 67 anos. A informa\u00e7\u00e3o foi confirmada pela assessoria de imprensa do Hospital Samaritano, onde o cantor estava internado. Ele ficou conhecido pela m\u00fasica \u201cBate o P\u00e9\u201d.<\/p>\n\n\n\n<p>Segundo a assessoria de imprensa do cantor, Leal estava internado no hospital desde ter\u00e7a-feira (10), ap\u00f3s ter uma rea\u00e7\u00e3o al\u00e9rgica a um medicamento que tomou. O cantor vinha h\u00e1 dois anos tratando um c\u00e2ncer.<\/p>\n\n\n\n<p>As causas da morte n\u00e3o foram divulgadas. A assessoria do cantor informou, por\u00e9m, que, nas \u00faltimas horas, ele teve complica\u00e7\u00f5es em decorr\u00eancia de uma insufici\u00eancia renal.<\/p>\n\n\n\n<p>Roberto Leal morava na capital paulista havia alguns anos.<\/p>\n","protected":false},"excerpt":{"rendered":"<p>Morreu na madrugada deste domingo (15), em S\u00e3o Paulo, o cantor portugu\u00eas Roberto Leal, aos 67 anos. A informa\u00e7\u00e3o foi confirmada pela assessoria de imprensa&hellip; <\/p>\n","protected":false},"author":1,"featured_media":116625,"comment_status":"closed","ping_status":"closed","sticky":false,"template":"","format":"standard","meta":{"sfsi_plus_gutenberg_text_before_share":"","sfsi_plus_gutenberg_show_text_before_share":"","sfsi_plus_gutenberg_icon_type":"","sfsi_plus_gutenberg_icon_alignemt":"","sfsi_plus_gutenburg_max_per_row":"","footnotes":""},"categories":[2],"tags":[],"class_list":["post-116623","post","type-post","status-publish","format-standard","has-post-thumbnail","hentry","category-geral"],"_links":{"self":[{"href":"https:\/\/www.caririemacao.com\/1\/wp-json\/wp\/v2\/posts\/116623","targetHints":{"allow":["GET"]}}],"collection":[{"href":"https:\/\/www.caririemacao.com\/1\/wp-json\/wp\/v2\/posts"}],"about":[{"href":"https:\/\/www.caririemacao.com\/1\/wp-json\/wp\/v2\/types\/post"}],"author":[{"embeddable":true,"href":"https:\/\/www.caririemacao.com\/1\/wp-json\/wp\/v2\/users\/1"}],"replies":[{"embeddable":true,"href":"https:\/\/www.caririemacao.com\/1\/wp-json\/wp\/v2\/comments?post=116623"}],"version-history":[{"count":1,"href":"https:\/\/www.caririemacao.com\/1\/wp-json\/wp\/v2\/posts\/116623\/revisions"}],"predecessor-version":[{"id":116626,"href":"https:\/\/www.caririemacao.com\/1\/wp-json\/wp\/v2\/posts\/116623\/revisions\/116626"}],"wp:featuredmedia":[{"embeddable":true,"href":"https:\/\/www.caririemacao.com\/1\/wp-json\/wp\/v2\/media\/116625"}],"wp:attachment":[{"href":"https:\/\/www.caririemacao.com\/1\/wp-json\/wp\/v2\/media?parent=116623"}],"wp:term":[{"taxonomy":"category","embeddable":true,"href":"https:\/\/www.caririemacao.com\/1\/wp-json\/wp\/v2\/categories?post=116623"},{"taxonomy":"post_tag","embeddable":true,"href":"https:\/\/www.caririemacao.com\/1\/wp-json\/wp\/v2\/tags?post=116623"}],"curies":[{"name":"wp","href":"https:\/\/api.w.org\/{rel}","templated":true}]}}