{"id":116629,"date":"2019-09-15T10:15:04","date_gmt":"2019-09-15T13:15:04","guid":{"rendered":"http:\/\/www.caririemacao.com\/1\/?p=116629"},"modified":"2019-09-15T10:15:04","modified_gmt":"2019-09-15T13:15:04","slug":"ricardo-coutinho-nao-poupa-adversarios-e-diz-que-mas-influencias-estao-destruindo-o-governo","status":"publish","type":"post","link":"https:\/\/www.caririemacao.com\/1\/2019\/09\/15\/ricardo-coutinho-nao-poupa-adversarios-e-diz-que-mas-influencias-estao-destruindo-o-governo\/","title":{"rendered":"Ricardo Coutinho n\u00e3o poupa advers\u00e1rios e diz que m\u00e1s influ\u00eancias est\u00e3o destruindo o governo"},"content":{"rendered":"\n<p>O ex-governador Ricardo Coutinho n\u00e3o poupou os advers\u00e1rios em entrevista concedida \u00e0 TV Tamba\u00fa neste domingo. Para ele, o governo de Jo\u00e3o Azev\u00eado est\u00e1 recebendo m\u00e1s influ\u00eancias que podem destruir o projeto de governo que foi montado em torno da pol\u00edtica de continuidade do trabalho que j\u00e1 vinha sendo feito em sua gest\u00e3o.<\/p>\n\n\n\n<p>&#8220;Est\u00e1 sendo (re) constru\u00edda a velha pol\u00edtica e tem gente ao redor que est\u00e1 destruindo o governo, a exemplo de Nonato Bandeira. Quando Nonato voltou para o governo n\u00e3o tinha controle sobre as conversas com os deputados. Eu alertei Jo\u00e3o: cuidado com o que est\u00e1 sendo feito. Voc\u00ea vai se tornar ref\u00e9m&#8221;, disse referindo-se tamb\u00e9m ao grupo formado na Assembleia Legislativa e denominado de G11, onde parlamentares se dizem independentes.<\/p>\n\n\n\n<p>&#8220;Eu disse que comigo s\u00f3 existia situa\u00e7\u00e3o e oposi\u00e7\u00e3o. O que Jo\u00e3o fez? No outro dia chamou os deputados do G11 para conversar. Est\u00e3o criando uma oposi\u00e7\u00e3o perigosa&#8221;, falou.<\/p>\n\n\n\n<p>Ricardo tamb\u00e9m disparou artilharia contra o ex-presidente Edvaldo Rosas, a quem classificou de mentiroso. O ex-governador contou que Rosas nunca entregou o cargo, como afirmou em carta ap\u00f3s a dissolu\u00e7\u00e3o do partido no m\u00eas passado.<\/p>\n\n\n\n<p>&#8220;Isso \u00e9 uma bobagem, \u00e9 uma mentira. O que houve \u00e9 que em uma reuni\u00e3o em maio, ficou decidido que haveria uma carta e Edvaldo se mostrou incomodado e disse: se quiser ficar, fique&#8221;, esclareceu Ricardo.<\/p>\n\n\n\n<p>Ricardo disse ainda que o fato de ter assumido o comando do PSB n\u00e3o significa que ele tinha medo de ficar sem legenda para disputar a prefeitura de Jo\u00e3o Pessoa. &#8220;N\u00e3o tinha medo de n\u00e3o ter legenda&#8221;, falou.<\/p>\n\n\n\n<p>O ex-governador disse que a decis\u00e3o sobre a ren\u00fancia dos diretorianos do PSB foi democr\u00e1tica. &#8220;Houve chamando de filiados expondo a situa\u00e7\u00e3o e, num gesto profundamente democr\u00e1tico, renunciou a maioria para que uma nova executiva fosse formada. O governo agiu numa disputa&nbsp;dentro do partido dele e eu nunca permiti que nenhuma disputa&nbsp; no PSB tivesse dedo do governo&#8221;, contou.<\/p>\n\n\n\n<p>Ricardo acrescentou que tem registro de presidentes de diret\u00f3rios que t\u00eam recebido amea\u00e7as e que Jo\u00e3o Azev\u00eado deveria demitir quem est\u00e1 usando o governo para fazer as amea\u00e7as.&nbsp;&#8220;Acho que ele deveria demitir quem porventura fez isso e \u00e9 poss\u00edvel saber quem \u00e9&#8221;, ressaltou.<\/p>\n","protected":false},"excerpt":{"rendered":"<p>O ex-governador Ricardo Coutinho n\u00e3o poupou os advers\u00e1rios em entrevista concedida \u00e0 TV Tamba\u00fa neste domingo. Para ele, o governo de Jo\u00e3o Azev\u00eado est\u00e1 recebendo&hellip; <\/p>\n","protected":false},"author":1,"featured_media":71370,"comment_status":"closed","ping_status":"closed","sticky":false,"template":"","format":"standard","meta":{"sfsi_plus_gutenberg_text_before_share":"","sfsi_plus_gutenberg_show_text_before_share":"","sfsi_plus_gutenberg_icon_type":"","sfsi_plus_gutenberg_icon_alignemt":"","sfsi_plus_gutenburg_max_per_row":"","footnotes":""},"categories":[11],"tags":[],"class_list":["post-116629","post","type-post","status-publish","format-standard","has-post-thumbnail","hentry","category-politica"],"_links":{"self":[{"href":"https:\/\/www.caririemacao.com\/1\/wp-json\/wp\/v2\/posts\/116629","targetHints":{"allow":["GET"]}}],"collection":[{"href":"https:\/\/www.caririemacao.com\/1\/wp-json\/wp\/v2\/posts"}],"about":[{"href":"https:\/\/www.caririemacao.com\/1\/wp-json\/wp\/v2\/types\/post"}],"author":[{"embeddable":true,"href":"https:\/\/www.caririemacao.com\/1\/wp-json\/wp\/v2\/users\/1"}],"replies":[{"embeddable":true,"href":"https:\/\/www.caririemacao.com\/1\/wp-json\/wp\/v2\/comments?post=116629"}],"version-history":[{"count":1,"href":"https:\/\/www.caririemacao.com\/1\/wp-json\/wp\/v2\/posts\/116629\/revisions"}],"predecessor-version":[{"id":116631,"href":"https:\/\/www.caririemacao.com\/1\/wp-json\/wp\/v2\/posts\/116629\/revisions\/116631"}],"wp:featuredmedia":[{"embeddable":true,"href":"https:\/\/www.caririemacao.com\/1\/wp-json\/wp\/v2\/media\/71370"}],"wp:attachment":[{"href":"https:\/\/www.caririemacao.com\/1\/wp-json\/wp\/v2\/media?parent=116629"}],"wp:term":[{"taxonomy":"category","embeddable":true,"href":"https:\/\/www.caririemacao.com\/1\/wp-json\/wp\/v2\/categories?post=116629"},{"taxonomy":"post_tag","embeddable":true,"href":"https:\/\/www.caririemacao.com\/1\/wp-json\/wp\/v2\/tags?post=116629"}],"curies":[{"name":"wp","href":"https:\/\/api.w.org\/{rel}","templated":true}]}}