{"id":116652,"date":"2019-09-15T17:01:25","date_gmt":"2019-09-15T20:01:25","guid":{"rendered":"http:\/\/www.caririemacao.com\/1\/?p=116652"},"modified":"2019-09-15T17:01:25","modified_gmt":"2019-09-15T20:01:25","slug":"homem-sofre-tentativa-de-homicidio-na-cidade-de-livramento","status":"publish","type":"post","link":"https:\/\/www.caririemacao.com\/1\/2019\/09\/15\/homem-sofre-tentativa-de-homicidio-na-cidade-de-livramento\/","title":{"rendered":"Homem sofre tentativa de homic\u00eddio na cidade de Livramento"},"content":{"rendered":"\n<p>Na madrugada da \u00faltima sexta-feira (13) ocorreu uma tentativa de homic\u00eddio da cidade de Livramento, regi\u00e3o do Cariri Paraibano.<\/p>\n\n\n\n<p>O fato aconteceu por volta de 1:30h e a v\u00edtima foi um homem de nome Erasmo, conhecido como Louc\u00e3o. Ele foi atingido por uma facada na regi\u00e3o do peito e levado pelo Samu para o hospital regional de Tapero\u00e1.<\/p>\n\n\n\n<p>No momento do ocorrido foram acionados os vigilantes noturnos das guardas \u00c1guia Noturna em conjunto com a guarda noturna Protetor e Seguran\u00e7a 10.<\/p>\n\n\n\n<p>Segundo informa\u00e7\u00f5es a vitima n\u00e3o corre risco de vida e passa bem. O mesmo tamb\u00e9m n\u00e3o teria informado quem tentou tirar sua vida e qual motivo.<\/p>\n\n\n\n<p><em>Informa\u00e7\u00f5es Para\u00edba Mix<\/em><\/p>\n","protected":false},"excerpt":{"rendered":"<p>Na madrugada da \u00faltima sexta-feira (13) ocorreu uma tentativa de homic\u00eddio da cidade de Livramento, regi\u00e3o do Cariri Paraibano. O fato aconteceu por volta de&hellip; <\/p>\n","protected":false},"author":1,"featured_media":86443,"comment_status":"closed","ping_status":"closed","sticky":false,"template":"","format":"standard","meta":{"sfsi_plus_gutenberg_text_before_share":"","sfsi_plus_gutenberg_show_text_before_share":"","sfsi_plus_gutenberg_icon_type":"","sfsi_plus_gutenberg_icon_alignemt":"","sfsi_plus_gutenburg_max_per_row":"","footnotes":""},"categories":[6],"tags":[],"class_list":["post-116652","post","type-post","status-publish","format-standard","has-post-thumbnail","hentry","category-cidades"],"_links":{"self":[{"href":"https:\/\/www.caririemacao.com\/1\/wp-json\/wp\/v2\/posts\/116652","targetHints":{"allow":["GET"]}}],"collection":[{"href":"https:\/\/www.caririemacao.com\/1\/wp-json\/wp\/v2\/posts"}],"about":[{"href":"https:\/\/www.caririemacao.com\/1\/wp-json\/wp\/v2\/types\/post"}],"author":[{"embeddable":true,"href":"https:\/\/www.caririemacao.com\/1\/wp-json\/wp\/v2\/users\/1"}],"replies":[{"embeddable":true,"href":"https:\/\/www.caririemacao.com\/1\/wp-json\/wp\/v2\/comments?post=116652"}],"version-history":[{"count":1,"href":"https:\/\/www.caririemacao.com\/1\/wp-json\/wp\/v2\/posts\/116652\/revisions"}],"predecessor-version":[{"id":116654,"href":"https:\/\/www.caririemacao.com\/1\/wp-json\/wp\/v2\/posts\/116652\/revisions\/116654"}],"wp:featuredmedia":[{"embeddable":true,"href":"https:\/\/www.caririemacao.com\/1\/wp-json\/wp\/v2\/media\/86443"}],"wp:attachment":[{"href":"https:\/\/www.caririemacao.com\/1\/wp-json\/wp\/v2\/media?parent=116652"}],"wp:term":[{"taxonomy":"category","embeddable":true,"href":"https:\/\/www.caririemacao.com\/1\/wp-json\/wp\/v2\/categories?post=116652"},{"taxonomy":"post_tag","embeddable":true,"href":"https:\/\/www.caririemacao.com\/1\/wp-json\/wp\/v2\/tags?post=116652"}],"curies":[{"name":"wp","href":"https:\/\/api.w.org\/{rel}","templated":true}]}}