{"id":116659,"date":"2019-09-15T17:05:57","date_gmt":"2019-09-15T20:05:57","guid":{"rendered":"http:\/\/www.caririemacao.com\/1\/?p=116659"},"modified":"2019-09-15T17:05:57","modified_gmt":"2019-09-15T20:05:57","slug":"ricardo-critica-ritmo-de-joao-governo-inaugura-obras-minhas","status":"publish","type":"post","link":"https:\/\/www.caririemacao.com\/1\/2019\/09\/15\/ricardo-critica-ritmo-de-joao-governo-inaugura-obras-minhas\/","title":{"rendered":"Ricardo critica ritmo de Jo\u00e3o: governo inaugura obras minhas"},"content":{"rendered":"\n<p>O ex-governador Ricardo Coutinho (PSB) criticou o ritmo da gest\u00e3o do governador Jo\u00e3o Azev\u00eado (PSB). Em entrevista veiculada, neste domingo (15), pela TV Tamba\u00fa, Coutinho afirmou que seu sucessor deixou de fazer investimentos no estado e fez uma previs\u00e3o negativa para a sequ\u00eancia do mandato do seu ex-auxiliar.<\/p>\n\n\n\n<p>\u201cOrganizamos uma reuni\u00e3o em maio para que o Estado voltasse a investir, o Estado n\u00e3o est\u00e1 investindo esse ano, a n\u00e3o ser em obras do meu governo. Todas as obras s\u00e3o do meu governo. O Teatro Santa Catarina ser\u00e1 inaugurado em outubro e \u00e9 obra do meu governo. Se tivesse continuado no mesmo ritmo, em fevereiro estava pronto\u201d, criticou Ricardo.<\/p>\n\n\n\n<p>Para Coutinho, a gest\u00e3o de Jo\u00e3o pode acarretar em consequ\u00eancias graves para o estado. \u201cVamos ter um espa\u00e7o vazio de investimentos que pode trazer consequ\u00eancias graves\u201d.<\/p>\n\n\n\n<p><strong>Cr\u00edticas a Nonato Bandeira<\/strong><\/p>\n\n\n\n<p>Ricardo Coutinho tamb\u00e9m criticou a rela\u00e7\u00e3o do governador Jo\u00e3o Azev\u00eado com \u201calguns deputados\u201d da Assembleia Legislativa. De acordo com o ex-governador, Jo\u00e3o est\u00e1 reconstruindo aquilo que segundo ele representa a \u201cvelha pol\u00edtica\u201d. Coutinho culpou o secret\u00e1rio de Comunica\u00e7\u00e3o do Estado, Nonato Bandeira, pela \u201cdestrui\u00e7\u00e3o do governo\u201d.<\/p>\n\n\n\n<p>\u201cN\u00e3o gosto nada das ideias em rela\u00e7\u00e3o a pol\u00edtica de Nonato Bandeira\u201d, disse.<\/p>\n\n\n\n<p>Questionado pelo jornalista Wallison Bezerra sobre a rela\u00e7\u00e3o com Bandeira, ocupante de cargos em suas ex-gest\u00f5es, Ricardo se considerou \u201cing\u00eanuo\u201d.<\/p>\n\n\n\n<p>\u201cEu sou uma pessoa que ainda me considero ing\u00eanua. Ou seja: a minha \u00e9 aglutinar, mas sem deixar as pessoas irem para onde quiserem. H\u00e1 um caminho a ser tra\u00e7ado. Quando Nonato voltou ao governo, ele n\u00e3o tinha rela\u00e7\u00e3o na rela\u00e7\u00e3o com deputados. E agora est\u00e1 tendo. Quem faz a distribui\u00e7\u00e3o? Quem faz as conversas com os deputados?\u201d, disse Ricardo, antes de revelar que avisou tr\u00eas vezes a Azev\u00eado sobre a sua preocupa\u00e7\u00e3o. \u201cO que est\u00e1 sendo feito na \u00e1rea da pol\u00edtica vai lhe tornar ref\u00e9m\u201d, teria aconselhado Ricardo Coutinho a Jo\u00e3o.<\/p>\n\n\n\n<p><em>Com Maur\u00edlio J\u00fanior \u2013 MaisPB<\/em><\/p>\n","protected":false},"excerpt":{"rendered":"<p>O ex-governador Ricardo Coutinho (PSB) criticou o ritmo da gest\u00e3o do governador Jo\u00e3o Azev\u00eado (PSB). Em entrevista veiculada, neste domingo (15), pela TV Tamba\u00fa, Coutinho&hellip; <\/p>\n","protected":false},"author":1,"featured_media":99083,"comment_status":"closed","ping_status":"closed","sticky":false,"template":"","format":"standard","meta":{"sfsi_plus_gutenberg_text_before_share":"","sfsi_plus_gutenberg_show_text_before_share":"","sfsi_plus_gutenberg_icon_type":"","sfsi_plus_gutenberg_icon_alignemt":"","sfsi_plus_gutenburg_max_per_row":"","footnotes":""},"categories":[11],"tags":[],"class_list":["post-116659","post","type-post","status-publish","format-standard","has-post-thumbnail","hentry","category-politica"],"_links":{"self":[{"href":"https:\/\/www.caririemacao.com\/1\/wp-json\/wp\/v2\/posts\/116659","targetHints":{"allow":["GET"]}}],"collection":[{"href":"https:\/\/www.caririemacao.com\/1\/wp-json\/wp\/v2\/posts"}],"about":[{"href":"https:\/\/www.caririemacao.com\/1\/wp-json\/wp\/v2\/types\/post"}],"author":[{"embeddable":true,"href":"https:\/\/www.caririemacao.com\/1\/wp-json\/wp\/v2\/users\/1"}],"replies":[{"embeddable":true,"href":"https:\/\/www.caririemacao.com\/1\/wp-json\/wp\/v2\/comments?post=116659"}],"version-history":[{"count":1,"href":"https:\/\/www.caririemacao.com\/1\/wp-json\/wp\/v2\/posts\/116659\/revisions"}],"predecessor-version":[{"id":116661,"href":"https:\/\/www.caririemacao.com\/1\/wp-json\/wp\/v2\/posts\/116659\/revisions\/116661"}],"wp:featuredmedia":[{"embeddable":true,"href":"https:\/\/www.caririemacao.com\/1\/wp-json\/wp\/v2\/media\/99083"}],"wp:attachment":[{"href":"https:\/\/www.caririemacao.com\/1\/wp-json\/wp\/v2\/media?parent=116659"}],"wp:term":[{"taxonomy":"category","embeddable":true,"href":"https:\/\/www.caririemacao.com\/1\/wp-json\/wp\/v2\/categories?post=116659"},{"taxonomy":"post_tag","embeddable":true,"href":"https:\/\/www.caririemacao.com\/1\/wp-json\/wp\/v2\/tags?post=116659"}],"curies":[{"name":"wp","href":"https:\/\/api.w.org\/{rel}","templated":true}]}}