{"id":116675,"date":"2019-09-16T07:10:58","date_gmt":"2019-09-16T10:10:58","guid":{"rendered":"http:\/\/www.caririemacao.com\/1\/?p=116675"},"modified":"2019-09-16T07:10:58","modified_gmt":"2019-09-16T10:10:58","slug":"ministro-sergio-moro-visita-bolsonaro-em-hospital-de-sao-paulo","status":"publish","type":"post","link":"https:\/\/www.caririemacao.com\/1\/2019\/09\/16\/ministro-sergio-moro-visita-bolsonaro-em-hospital-de-sao-paulo\/","title":{"rendered":"Ministro S\u00e9rgio Moro visita Bolsonaro em hospital de S\u00e3o Paulo"},"content":{"rendered":"\n<p>\u00a0O ministro da Justi\u00e7a e Seguran\u00e7a P\u00fablica, S\u00e9rgio Moro, visitou na tarde deste domingo (15) o presidente Jair Bolsonaro (PSL), que se recupera h\u00e1 sete dias de uma cirurgia realizada no Hospital Vila Nova Star, em S\u00e3o Paulo.<\/p>\n\n\n\n<p>O ministro entrou no hospital na Vila Nova Concei\u00e7\u00e3o, Zona Sul de S\u00e3o Paulo, sem ser visto e n\u00e3o falou com a imprensa. Acompanhado da sua mulher, Ros\u00e2ngela Moro, visitou o presidente por cerca de 20 minutos e, depois, postou em seu Twitter uma foto ao lado de Bolsonaro e a primeira-dama, Michele Bolsonaro. &#8220;Visita ao sr. Presidente e \u00e0 Sera. Primeira-dama. Conversa agrad\u00e1vel. Presidente recupera-se muito bem. O homem \u00e9 forte&#8221;, diz o post. Pouco depois, Bolsonaro postou a mesma foto em sua conta no Twitter, mas sem nenhuma legenda.<\/p>\n\n\n\n<p>Nos \u00faltimos meses, a rela\u00e7\u00e3o entre Moro e Bolsonaro passou por altos e baixos. No final de agosto, contrariando o que dizia nas elei\u00e7\u00f5es do ano passado sobre Moro ter carta branca para conduzir a\u00e7\u00f5es do Minist\u00e9rio, Bolsonaro disse, mais de uma vez, que ele \u00e9 o presidente e que pode vetar &#8220;qualquer coisa&#8221; que o ministro fizer.<\/p>\n\n\n\n<p>Antes disso, em fevereiro, Moro revogou a nomea\u00e7\u00e3o de Ilona Szab\u00f3 para o Conselho Nacional de Pol\u00edtica Criminal e Penitenci\u00e1ria. Moro foi criticado por apoiadores de Bolsonaro por indicar Ilona, mestre em estudos de conflito e paz e especialista em seguran\u00e7a, e p minist\u00e9rio informou que a revoga\u00e7\u00e3o foi provocada por &#8220;repercuss\u00e3o negativa em alguns segmentos&#8221; da sociedade.<\/p>\n\n\n\n<p>Depois de Moro indicar Maur\u00edcio Veleixo, com quem trabalhou durante a Opera\u00e7\u00e3o lava Jato, para o cargo de diretor-geral da Pol\u00edcia Federal, eles passaram a escolher os superintendentes da PF. Mas, em 16 de agosto, sem o conhecimento da c\u00fapula da PF, Bolsonaro anunciou a troca do superintendente do Rio de Janeiro. Diante da rea\u00e7\u00e3o negativa na Pol\u00edcia Federal, com amea\u00e7a at\u00e9 de entrega de cargos, o presidente recuou momentaneamente. Mas, ainda em agosto, Bolsonaro foi al\u00e9m e amea\u00e7ou trocar o diretor da Pol\u00edcia Federal.<\/p>\n\n\n\n<p>Lideran\u00e7as de diferentes partidos alinhados com o presidente Jair Bolsonaro ainda aguardam uma eventual troca no comando da dire\u00e7\u00e3o-geral da Pol\u00edcia Federal. Na PF, integrantes da corpora\u00e7\u00e3o pressionam o ministro da Justi\u00e7a, Sergio Moro, a definir o sucessor de Mauricio Valeixo.<\/p>\n\n\n\n<p>Ouvidos pelo blog da Andr\u00e9ia Sadi, pol\u00edticos relataram que, apesar de mudar o tom sobre Moro, Bolsonaro n\u00e3o desistiu de trocar o comando da PF. Al\u00e9m disso, tem sinalizado desde o fim de semana que, at\u00e9 o fim de setembro, espera mudan\u00e7as na c\u00fapula da corpora\u00e7\u00e3o.<\/p>\n\n\n\n<p>Em um gesto de apoio p\u00fablico, Bolsonaro interrompeu a parada de Sete de Setembro, chamou Moro e desfilou abra\u00e7ado a ele pela Esplanada dos Minist\u00e9rios.<\/p>\n\n\n\n<p>Neste domingo, Bolsonaro tomou caf\u00e9 da manh\u00e3, com ch\u00e1 gelatina e creme de frutas. At\u00e9 ent\u00e3o, ele estava se alimentando apenas de dieta l\u00edquida desde sexta-feira (13). De acordo com a assessoria do presidente, \u00e0 tarde, Bolsonaro caminhou e assistiu ao jogo entre Corinthians e Fluminense.<\/p>\n\n\n\n<p>Esta foi a quarta opera\u00e7\u00e3o desde a facada sofrida por ele durante a campanha eleitoral de 2018. Desta vez, o objetivo era corrigir uma h\u00e9rnia (sali\u00eancia de tecido) no intestino.<\/p>\n\n\n\n<p>Desde domingo (8), o vice-presidente Hamilton Mour\u00e3o ocupa o cargo de presidente da Rep\u00fablica de forma interina.<\/p>\n\n\n\n<p>Segundo o porta-voz da presid\u00eancia, Ot\u00e1vio R\u00eago Barros, os exames do presidente est\u00e3o normais e, assim que ele tiver a dieta baseada apenas em alimentos, poder\u00e1 ter alta m\u00e9dica.<\/p>\n\n\n\n<p>&#8220;Hoje [domingo], a nutri\u00e7\u00e3o parenteral ser\u00e1 reduzida. No final da tarde, o m\u00e9dico vai analisar se pode passar pra dieta pastosa. Passando para pastosa e tirando a nutri\u00e7\u00e3o parenteral, o presidente pode ter alta&#8221;, disse R\u00eago Barros.<\/p>\n\n\n\n<p>\u201cOs m\u00e9dicos sa\u00edram do quarto do presidente vivamente impressionados com a recupera\u00e7\u00e3o do presidente, como ele vem recebendo bem essa modifica\u00e7\u00e3o de ingest\u00e3o cal\u00f3rica e o passo, a ultrapassagem dessa fase de cremosa para pastosa definir\u00e1, junto com outros par\u00e2metros tamb\u00e9m, a sa\u00edda do nosso presidente aqui do hospital. Estamos, enfim, bastante satisfeitos com a evolu\u00e7\u00e3o do presidente, esperamos que ele no prazo mais pr\u00f3ximo poss\u00edvel n\u00f3s tenhamos a sa\u00edda\u201d, acrescentou.<\/p>\n","protected":false},"excerpt":{"rendered":"<p>\u00a0O ministro da Justi\u00e7a e Seguran\u00e7a P\u00fablica, S\u00e9rgio Moro, visitou na tarde deste domingo (15) o presidente Jair Bolsonaro (PSL), que se recupera h\u00e1 sete&hellip; <\/p>\n","protected":false},"author":1,"featured_media":116677,"comment_status":"closed","ping_status":"closed","sticky":false,"template":"","format":"standard","meta":{"sfsi_plus_gutenberg_text_before_share":"","sfsi_plus_gutenberg_show_text_before_share":"","sfsi_plus_gutenberg_icon_type":"","sfsi_plus_gutenberg_icon_alignemt":"","sfsi_plus_gutenburg_max_per_row":"","footnotes":""},"categories":[11],"tags":[],"class_list":["post-116675","post","type-post","status-publish","format-standard","has-post-thumbnail","hentry","category-politica"],"_links":{"self":[{"href":"https:\/\/www.caririemacao.com\/1\/wp-json\/wp\/v2\/posts\/116675","targetHints":{"allow":["GET"]}}],"collection":[{"href":"https:\/\/www.caririemacao.com\/1\/wp-json\/wp\/v2\/posts"}],"about":[{"href":"https:\/\/www.caririemacao.com\/1\/wp-json\/wp\/v2\/types\/post"}],"author":[{"embeddable":true,"href":"https:\/\/www.caririemacao.com\/1\/wp-json\/wp\/v2\/users\/1"}],"replies":[{"embeddable":true,"href":"https:\/\/www.caririemacao.com\/1\/wp-json\/wp\/v2\/comments?post=116675"}],"version-history":[{"count":1,"href":"https:\/\/www.caririemacao.com\/1\/wp-json\/wp\/v2\/posts\/116675\/revisions"}],"predecessor-version":[{"id":116678,"href":"https:\/\/www.caririemacao.com\/1\/wp-json\/wp\/v2\/posts\/116675\/revisions\/116678"}],"wp:featuredmedia":[{"embeddable":true,"href":"https:\/\/www.caririemacao.com\/1\/wp-json\/wp\/v2\/media\/116677"}],"wp:attachment":[{"href":"https:\/\/www.caririemacao.com\/1\/wp-json\/wp\/v2\/media?parent=116675"}],"wp:term":[{"taxonomy":"category","embeddable":true,"href":"https:\/\/www.caririemacao.com\/1\/wp-json\/wp\/v2\/categories?post=116675"},{"taxonomy":"post_tag","embeddable":true,"href":"https:\/\/www.caririemacao.com\/1\/wp-json\/wp\/v2\/tags?post=116675"}],"curies":[{"name":"wp","href":"https:\/\/api.w.org\/{rel}","templated":true}]}}