{"id":116697,"date":"2019-09-16T07:16:28","date_gmt":"2019-09-16T10:16:28","guid":{"rendered":"http:\/\/www.caririemacao.com\/1\/?p=116697"},"modified":"2019-09-16T07:16:28","modified_gmt":"2019-09-16T10:16:28","slug":"brasil-e-bolivia-vao-fortalecer-o-combate-ao-narcotrafico-na-fronteira","status":"publish","type":"post","link":"https:\/\/www.caririemacao.com\/1\/2019\/09\/16\/brasil-e-bolivia-vao-fortalecer-o-combate-ao-narcotrafico-na-fronteira\/","title":{"rendered":"Brasil e Bol\u00edvia v\u00e3o fortalecer o combate ao narcotr\u00e1fico na fronteira"},"content":{"rendered":"\n<p>O Brasil e a Bol\u00edvia v\u00e3o fortalecer as a\u00e7\u00f5es conjuntas de combate ao narcotr\u00e1fico na regi\u00e3o de fronteira, conforme prev\u00ea o documento de complementa\u00e7\u00e3o b\u00e1sica ao acordo firmado em 1996, publicado no&nbsp;<a href=\"http:\/\/www.in.gov.br\/en\/web\/dou\/-\/ajuste-complementar-ao-acordo-basico-de-cooperacao-tecnica-cientifica-e-tecnologica-entre-o-governo-da-republica-federativa-do-brasil-e-o-governodo-estado-plurinacional-da-bolivia-para-a-implementacao-do-projeto-fortalecimento-da-capacidade-operativa-da-p\" target=\"_blank\" rel=\"noreferrer noopener\"><em>Di\u00e1rio Oficial da Uni\u00e3o<\/em><\/a>&nbsp;desta segunda-feira (16).<\/p>\n\n\n\n<p>Entre outras medidas, os dois pa\u00edses v\u00e3o implementar o fortalecimento da capacidade operativa da pol\u00edcia boliviana e da Pol\u00edcia Rodovi\u00e1ria Federal, em suas atividades de fiscaliza\u00e7\u00e3o das rodovias; disponibilizar instala\u00e7\u00f5es e infraestrutura adequadas \u00e0 execu\u00e7\u00e3o das atividades de coopera\u00e7\u00e3o t\u00e9cnica; e troca de informa\u00e7\u00f5es necess\u00e1rias para a execu\u00e7\u00e3o do projeto.<\/p>\n\n\n\n<p>De acordo com o documento, os recursos para a execu\u00e7\u00e3o das atividades previstas no projeto, poder\u00e3o vir de \u201cinstitui\u00e7\u00f5es p\u00fablicas e privadas, de organiza\u00e7\u00f5es n\u00e3o governamentais, de organismos internacionais, de ag\u00eancias de coopera\u00e7\u00e3o t\u00e9cnica, de fundos e de programas regionais e internacionais, que dever\u00e3o estar previstos em outros instrumentos legais que n\u00e3o o presente ajuste complementar\u201d.<\/p>\n","protected":false},"excerpt":{"rendered":"<p>O Brasil e a Bol\u00edvia v\u00e3o fortalecer as a\u00e7\u00f5es conjuntas de combate ao narcotr\u00e1fico na regi\u00e3o de fronteira, conforme prev\u00ea o documento de complementa\u00e7\u00e3o b\u00e1sica&hellip; <\/p>\n","protected":false},"author":1,"featured_media":103018,"comment_status":"closed","ping_status":"closed","sticky":false,"template":"","format":"standard","meta":{"sfsi_plus_gutenberg_text_before_share":"","sfsi_plus_gutenberg_show_text_before_share":"","sfsi_plus_gutenberg_icon_type":"","sfsi_plus_gutenberg_icon_alignemt":"","sfsi_plus_gutenburg_max_per_row":"","footnotes":""},"categories":[2],"tags":[],"class_list":["post-116697","post","type-post","status-publish","format-standard","has-post-thumbnail","hentry","category-geral"],"_links":{"self":[{"href":"https:\/\/www.caririemacao.com\/1\/wp-json\/wp\/v2\/posts\/116697","targetHints":{"allow":["GET"]}}],"collection":[{"href":"https:\/\/www.caririemacao.com\/1\/wp-json\/wp\/v2\/posts"}],"about":[{"href":"https:\/\/www.caririemacao.com\/1\/wp-json\/wp\/v2\/types\/post"}],"author":[{"embeddable":true,"href":"https:\/\/www.caririemacao.com\/1\/wp-json\/wp\/v2\/users\/1"}],"replies":[{"embeddable":true,"href":"https:\/\/www.caririemacao.com\/1\/wp-json\/wp\/v2\/comments?post=116697"}],"version-history":[{"count":1,"href":"https:\/\/www.caririemacao.com\/1\/wp-json\/wp\/v2\/posts\/116697\/revisions"}],"predecessor-version":[{"id":116699,"href":"https:\/\/www.caririemacao.com\/1\/wp-json\/wp\/v2\/posts\/116697\/revisions\/116699"}],"wp:featuredmedia":[{"embeddable":true,"href":"https:\/\/www.caririemacao.com\/1\/wp-json\/wp\/v2\/media\/103018"}],"wp:attachment":[{"href":"https:\/\/www.caririemacao.com\/1\/wp-json\/wp\/v2\/media?parent=116697"}],"wp:term":[{"taxonomy":"category","embeddable":true,"href":"https:\/\/www.caririemacao.com\/1\/wp-json\/wp\/v2\/categories?post=116697"},{"taxonomy":"post_tag","embeddable":true,"href":"https:\/\/www.caririemacao.com\/1\/wp-json\/wp\/v2\/tags?post=116697"}],"curies":[{"name":"wp","href":"https:\/\/api.w.org\/{rel}","templated":true}]}}