{"id":116706,"date":"2019-09-16T07:18:58","date_gmt":"2019-09-16T10:18:58","guid":{"rendered":"http:\/\/www.caririemacao.com\/1\/?p=116706"},"modified":"2019-09-16T07:18:58","modified_gmt":"2019-09-16T10:18:58","slug":"mourao-se-reune-com-empresarios-brasileiros-e-alemaes-em-natal","status":"publish","type":"post","link":"https:\/\/www.caririemacao.com\/1\/2019\/09\/16\/mourao-se-reune-com-empresarios-brasileiros-e-alemaes-em-natal\/","title":{"rendered":"Mour\u00e3o se re\u00fane com empres\u00e1rios brasileiros e alem\u00e3es em Natal"},"content":{"rendered":"\n<p>Mais de mil empres\u00e1rios brasileiros e alem\u00e3es v\u00e3o se reunir nesta segunda-feira (16) em Natal, para discutir parcerias na rela\u00e7\u00e3o comercial entre os dois pa\u00edses. O&nbsp;37\u00ba Encontro Empresarial Brasil-Alemanha (EEBA), que vai at\u00e9 o dia 17, \u00e9 organizado pela Confedera\u00e7\u00e3o Nacional da Ind\u00fastria (CNI) e a Federa\u00e7\u00e3o das&nbsp;Ind\u00fastrias Alem\u00e3s (BDI), com o apoio da Federa\u00e7\u00e3o das Ind\u00fastrias do Estado do Rio Grande do Norte (Fiern). O presidente em exerc\u00edcio, Hamilton Mour\u00e3o, participar\u00e1 da abertura do encontro, prevista para as 9h. O vice-ministro alem\u00e3o da Economia e Energia, Thomas Bareiss, tamb\u00e9m est\u00e1 confirmado.&nbsp;<\/p>\n\n\n\n<p>A Alemanha \u00e9 o quarto maior parceiro comercial do Brasil, atr\u00e1s da China, dos Estados Unidos e da Argentina. A participa\u00e7\u00e3o da pot\u00eancia europeia na corrente de com\u00e9rcio do&nbsp;Brasil em 2018 foi de 3,75%. Mais de 54% dos produtos brasileiros exportados para a Alemanha s\u00e3o industrializados, incluindo m\u00e1quinas mec\u00e2nicas, autom\u00f3veis,&nbsp;m\u00e1quinas el\u00e9tricas e produtos farmac\u00eauticos. Em rela\u00e7\u00e3o \u00e0s importa\u00e7\u00f5es, 99% das mercadorias que o Brasil compra do pa\u00eds europeu s\u00e3o bens industriais.<\/p>\n\n\n\n<p>Pesquisa da CNI com empres\u00e1rios brasileiros que investem e exportam para a Alemanha mostrou os principais temas que precisam avan\u00e7ar na agenda dos dois&nbsp;pa\u00edses. O levantamento foi entregue ao governo brasileiro para subsidiar a reuni\u00e3o da Comiss\u00e3o Mista de Coopera\u00e7\u00e3o Econ\u00f4mica Brasil-Alemanha, que ocorrer\u00e1 no dia 17 de&nbsp;setembro.&nbsp;&nbsp;<\/p>\n\n\n\n<p>&#8220;Na consulta ficou clara a necessidade de se internalizar rapidamente o acordo comercial Mercosul-Uni\u00e3o Europeia, que ampliar\u00e1 as oportunidades de acesso a mercados&nbsp;para os dois pa\u00edses, al\u00e9m de melhorar o ambiente de neg\u00f3cios para promover o com\u00e9rcio de bens e servi\u00e7os e os investimentos bilaterais. O setor produtivo do Brasil&nbsp;entende que o apoio da Alemanha foi essencial para a conclus\u00e3o do acordo, anunciada em 28 de julho, e avalia que esse mesmo apoio ser\u00e1 importante para a aprova\u00e7\u00e3o do&nbsp;tratado pelo Parlamento Europeu, o que deve ocorrer ao longo dos pr\u00f3ximos dois anos&#8221;, diz a CNI.<\/p>\n\n\n\n<p>Segundo a confedera\u00e7\u00e3o, as empresas brasileiras tamb\u00e9m defendem o in\u00edcio das negocia\u00e7\u00f5es de um acordo para evitar a dupla tributa\u00e7\u00e3o (ADT) e de&nbsp;reconhecimento m\u00fatuo entre os programas brasileiro e europeu de Operador Econ\u00f4mico Autorizado (OEA). O programa concede tratamento diferenciado para&nbsp;opera\u00e7\u00f5es de com\u00e9rcio exterior que envolvem movimenta\u00e7\u00e3o internacional de mercadorias. Entre os benef\u00edcios oferecidos \u00e0s empresas certificadas pelos programas est\u00e3o a&nbsp;simplifica\u00e7\u00e3o, facilidade e agilidade de procedimentos aduaneiros no pa\u00eds e no exterior.<\/p>\n\n\n\n<h2 class=\"wp-block-heading\">Agenda<\/h2>\n\n\n\n<p>Hamilton Mour\u00e3o ainda deve aproveitar a presen\u00e7a em Natal para se reunir com a governadora do Rio Grande do Norte, F\u00e1tima Bezerra, que deve apresentar ao presidente em exerc\u00edcio o programa estadual de Seguran\u00e7a P\u00fablica. Mour\u00e3o cumpre pelo menos mais dois compromissos na capital potiguar antes de retornar a Bras\u00edlia.<\/p>\n\n\n\n<p>O secret\u00e1rio de Com\u00e9rcio Exterior do Minist\u00e9rio da Economia, Marcos Troyjo, participar\u00e1 do evento apresentando um painel sobre perspectivas econ\u00f4micas e pol\u00edticas, juntamente com o vice-ministro da Economia e Energia da Alemanha, Thomas Bareiss.<\/p>\n\n\n\n<p>Ainda nesta segunda-feira, \u00e0s 17h, o presidente da Comiss\u00e3o de Rela\u00e7\u00f5es Exteriores e Defesa Nacional da C\u00e2mara de Deputados, deputado Eduardo Bolsonaro (PSL-SP), far\u00e1 palestra sobre \u201cOportunidades para o investidor estrangeiro no atual governo\u201d. Tamb\u00e9m est\u00e3o confirmados para a abertura oficial do evento o presidente da CNI, Robson Braga, o presidente da BDI, Dieter Kempf, o presidente da Fiern, Amaro Sales, e&nbsp;a governadora F\u00e1tima Bezerra.<\/p>\n","protected":false},"excerpt":{"rendered":"<p>Mais de mil empres\u00e1rios brasileiros e alem\u00e3es v\u00e3o se reunir nesta segunda-feira (16) em Natal, para discutir parcerias na rela\u00e7\u00e3o comercial entre os dois pa\u00edses.&hellip; <\/p>\n","protected":false},"author":1,"featured_media":87087,"comment_status":"closed","ping_status":"closed","sticky":false,"template":"","format":"standard","meta":{"sfsi_plus_gutenberg_text_before_share":"","sfsi_plus_gutenberg_show_text_before_share":"","sfsi_plus_gutenberg_icon_type":"","sfsi_plus_gutenberg_icon_alignemt":"","sfsi_plus_gutenburg_max_per_row":"","footnotes":""},"categories":[11],"tags":[],"class_list":["post-116706","post","type-post","status-publish","format-standard","has-post-thumbnail","hentry","category-politica"],"_links":{"self":[{"href":"https:\/\/www.caririemacao.com\/1\/wp-json\/wp\/v2\/posts\/116706","targetHints":{"allow":["GET"]}}],"collection":[{"href":"https:\/\/www.caririemacao.com\/1\/wp-json\/wp\/v2\/posts"}],"about":[{"href":"https:\/\/www.caririemacao.com\/1\/wp-json\/wp\/v2\/types\/post"}],"author":[{"embeddable":true,"href":"https:\/\/www.caririemacao.com\/1\/wp-json\/wp\/v2\/users\/1"}],"replies":[{"embeddable":true,"href":"https:\/\/www.caririemacao.com\/1\/wp-json\/wp\/v2\/comments?post=116706"}],"version-history":[{"count":1,"href":"https:\/\/www.caririemacao.com\/1\/wp-json\/wp\/v2\/posts\/116706\/revisions"}],"predecessor-version":[{"id":116708,"href":"https:\/\/www.caririemacao.com\/1\/wp-json\/wp\/v2\/posts\/116706\/revisions\/116708"}],"wp:featuredmedia":[{"embeddable":true,"href":"https:\/\/www.caririemacao.com\/1\/wp-json\/wp\/v2\/media\/87087"}],"wp:attachment":[{"href":"https:\/\/www.caririemacao.com\/1\/wp-json\/wp\/v2\/media?parent=116706"}],"wp:term":[{"taxonomy":"category","embeddable":true,"href":"https:\/\/www.caririemacao.com\/1\/wp-json\/wp\/v2\/categories?post=116706"},{"taxonomy":"post_tag","embeddable":true,"href":"https:\/\/www.caririemacao.com\/1\/wp-json\/wp\/v2\/tags?post=116706"}],"curies":[{"name":"wp","href":"https:\/\/api.w.org\/{rel}","templated":true}]}}