{"id":116736,"date":"2019-09-16T07:23:39","date_gmt":"2019-09-16T10:23:39","guid":{"rendered":"http:\/\/www.caririemacao.com\/1\/?p=116736"},"modified":"2019-09-16T07:23:39","modified_gmt":"2019-09-16T10:23:39","slug":"estudo-revela-compostos-que-podem-combater-um-tipo-de-tuberculose","status":"publish","type":"post","link":"https:\/\/www.caririemacao.com\/1\/2019\/09\/16\/estudo-revela-compostos-que-podem-combater-um-tipo-de-tuberculose\/","title":{"rendered":"Estudo revela compostos que podem combater um tipo de tuberculose"},"content":{"rendered":"\n<p>Uma equipe de alunos coordenados pela professora Vanessa do Nascimento, do Instituto de Qu\u00edmica da Universidade Federal Fluminense (UFF), descobriu compostos que podem virar medicamentos para combate a infec\u00e7\u00f5es resistentes a antibi\u00f3ticos, com destaque para a chamada tuberculose multidroga resistente (TB-MDR), que mata em torno de 250 mil pessoas a cada ano no mundo. O estudo comprova a efici\u00eancia do material testado no combate \u00e0 doen\u00e7a.<\/p>\n\n\n\n<p>Pelo estudo, a professora da UFF recebeu o pr\u00eamio PeerJ Award, durante o 8\u00ba Workshop da Rede Cient\u00edfica Internacional Sel\u00eanio Enxofre e Cat\u00e1lise Redox (WSeS-8), em junho, na It\u00e1lia. O trabalho ser\u00e1 publicado na revista inglesa de divulga\u00e7\u00e3o cient\u00edfica PeerJ Life &amp; Environment ainda neste ano.<\/p>\n\n\n\n<p>Falando \u00e0&nbsp;<strong>Ag\u00eancia Brasil<\/strong>, Vanessa explicou que existem, atualmente, cepas de bact\u00e9rias que s\u00e3o resistentes a todos os f\u00e1rmacos liberados&nbsp;hoje&nbsp;para tratamento da tuberculose. \u201cA gente sabe que bact\u00e9ria vai sofrendo muta\u00e7\u00f5es e vai se tornando resistente\u201d. Os compostos sintetizados na UFF apresentaram atividade frente a essas cepas resistentes, isoladas de humanos. \u201cEles podem virar medicamentos, n\u00e3o s\u00f3 por apresentarem essas caracter\u00edsticas, mas eles s\u00e3o obtidos de subst\u00e2ncias baratas. Por exemplo, a gente consegue extrair derivados de vitamina K de plantas e tamb\u00e9m utiliza sel\u00eanio, que \u00e9 um micronutriente essencial \u00e0 vida. A gente une essas duas esp\u00e9cies e obt\u00e9m esses compostos\u201d, disse a pesquisadora.<\/p>\n\n\n\n<p>Foi verificado que mesmo em altas concentra\u00e7\u00f5es, os compostos n\u00e3o matam as c\u00e9lulas sadias. \u201cTem todos esses pontos que s\u00e3o positivos para essas mol\u00e9culas que a gente desenvolveu\u201d.<\/p>\n\n\n\n<h2 class=\"wp-block-heading\">Desafio<\/h2>\n\n\n\n<p>O pr\u00f3ximo passo \u00e9 despertar o interesse da ind\u00fastria farmac\u00eautica, uma vez que essa tuberculose resistente a medicamentos tem sido um desafio para ser atacada e \u00e9 a principal causa de morte dos portadores da doen\u00e7a. As informa\u00e7\u00f5es recebidas por Vanessa de secretarias de sa\u00fade relatam grande n\u00famero de casos positivos no pa\u00eds, e especialmente positivos para essas bact\u00e9rias resistentes.<\/p>\n\n\n\n<p>\u201c\u00c9, realmente, um SOS, um pedido para que se d\u00ea mais aten\u00e7\u00e3o, porque a tuberculose acomete principalmente a popula\u00e7\u00e3o de baixa renda\u201d. Segundo Vanessa, um dos sonhos dos pesquisadores \u00e9 contribuir para essa popula\u00e7\u00e3o que tanto precisa. \u201cPensando no futuro, eu vejo a\u00ed uma boa promessa para ser desenvolvida em rela\u00e7\u00e3o a esses compostos\u201d.<\/p>\n\n\n\n<h2 class=\"wp-block-heading\">Mal do s\u00e9culo<\/h2>\n\n\n\n<p>A tuberculose assolou o mundo no s\u00e9culo 19 e ficou conhecida como o \u201cmal do s\u00e9culo\u201d. Vista como enfermidade do passado, a doen\u00e7a, entretanto, provocou em todo o mundo, somente em 2017, 1,3 bilh\u00e3o de mortes, de acordo com a Organiza\u00e7\u00e3o Mundial da Sa\u00fade (OMS). A doen\u00e7a atinge os pulm\u00f5es, em geral, mas pode afetar outros \u00f3rg\u00e3os do corpo. Um dos obst\u00e1culos em rela\u00e7\u00e3o ao tratamento \u00e9 a resist\u00eancia das bact\u00e9rias aos medicamentos existentes&nbsp;hoje&nbsp;no mercado.<\/p>\n\n\n\n<h2 class=\"wp-block-heading\">Queimadas etapas<\/h2>\n\n\n\n<p>Para que haja a manifesta\u00e7\u00e3o de interesse da ind\u00fastria farmac\u00eautica, Vanessa explicou que t\u00eam de ser queimadas etapas. Nesse momento, os resultados foram excelentes, Ela alertou, por\u00e9m, que s\u00e3o resultados \u2018in vitro\u2019, ou seja, em laborat\u00f3rio. Agora, \u00e9 preciso que a equipe elabore documento para comunicar \u00e0 comunidade cient\u00edfica a descoberta. \u201cA partir da\u00ed, a gente consegue respaldo para estudos mais aprofundados, principalmente \u2018in vivo\u2019 (em animais)\u201d.<\/p>\n\n\n\n<p>Vanessa acredita que em um est\u00e1gio mais avan\u00e7ado \u00e9 poss\u00edvel que os pesquisadores consigam despertar o interesse da ind\u00fastria. Destacou que tudo precisa ser feito em etapas, at\u00e9 no sentido de proteger a inven\u00e7\u00e3o, porque \u00e9 necess\u00e1rio&nbsp;ter, no m\u00ednimo, o dep\u00f3sito da patente. Na terceira etapa, conhecida como fase cl\u00ednica, os testes ser\u00e3o realizados em humanos. Todas as fases t\u00eam de ser aprovadas pela Ag\u00eancia Nacional de Vigil\u00e2ncia Sanit\u00e1ria (Anvisa). Dependendo dos resultados, Vanessa afirmou que \u00e9 um caminho que pode ser acelerado, em especial diante dos surtos de tuberculose que est\u00e3o acontecendo.<\/p>\n\n\n\n<p>O capital usado para a manuten\u00e7\u00e3o do laborat\u00f3rio \u00e9 oriundo do Programa de Fomento \u00e0 Pesquisa da UFF (FOPESQ) e de um aux\u00edlio do Programa de P\u00f3s-gradua\u00e7\u00e3o em Qu\u00edmica aos docentes. De acordo com Vanessa, os estudos com sel\u00eanio orientam a equipe na cria\u00e7\u00e3o de novos produtos para o tratamento da tuberculose e de outras doen\u00e7as negligenciadas.<\/p>\n\n\n\n<h2 class=\"wp-block-heading\">Tratamento no Brasil<\/h2>\n\n\n\n<p>O ministro da Sa\u00fade, Luiz Henrique Mandetta, anunciou no dia 9 de setembro&nbsp;a simplifica\u00e7\u00e3o na medica\u00e7\u00e3o de combate \u00e0 tuberculose em crian\u00e7as de at\u00e9 dez anos. Atualmente, o tratamento \u00e9 feito com tr\u00eas comprimidos na fase intensiva do combate \u00e0 doen\u00e7a e dois comprimidos na fase moderada. A partir de 2020, um comprimido efervescente, aplicado em cada fase, reunir\u00e1 os compostos de toda a medica\u00e7\u00e3o necess\u00e1ria.&nbsp;A medida se justifica, segundo o ministro, para facilitar a estocagem e distribui\u00e7\u00e3o do medicamento. Al\u00e9m disso, segundo ele, uma \u00fanica dose, com um comprimido efervescente, garante a ingest\u00e3o correta e a efetividade do tratamento.&nbsp;<\/p>\n","protected":false},"excerpt":{"rendered":"<p>Uma equipe de alunos coordenados pela professora Vanessa do Nascimento, do Instituto de Qu\u00edmica da Universidade Federal Fluminense (UFF), descobriu compostos que podem virar medicamentos&hellip; <\/p>\n","protected":false},"author":1,"featured_media":44287,"comment_status":"closed","ping_status":"closed","sticky":false,"template":"","format":"standard","meta":{"sfsi_plus_gutenberg_text_before_share":"","sfsi_plus_gutenberg_show_text_before_share":"","sfsi_plus_gutenberg_icon_type":"","sfsi_plus_gutenberg_icon_alignemt":"","sfsi_plus_gutenburg_max_per_row":"","footnotes":""},"categories":[16],"tags":[],"class_list":["post-116736","post","type-post","status-publish","format-standard","has-post-thumbnail","hentry","category-saude"],"_links":{"self":[{"href":"https:\/\/www.caririemacao.com\/1\/wp-json\/wp\/v2\/posts\/116736","targetHints":{"allow":["GET"]}}],"collection":[{"href":"https:\/\/www.caririemacao.com\/1\/wp-json\/wp\/v2\/posts"}],"about":[{"href":"https:\/\/www.caririemacao.com\/1\/wp-json\/wp\/v2\/types\/post"}],"author":[{"embeddable":true,"href":"https:\/\/www.caririemacao.com\/1\/wp-json\/wp\/v2\/users\/1"}],"replies":[{"embeddable":true,"href":"https:\/\/www.caririemacao.com\/1\/wp-json\/wp\/v2\/comments?post=116736"}],"version-history":[{"count":1,"href":"https:\/\/www.caririemacao.com\/1\/wp-json\/wp\/v2\/posts\/116736\/revisions"}],"predecessor-version":[{"id":116738,"href":"https:\/\/www.caririemacao.com\/1\/wp-json\/wp\/v2\/posts\/116736\/revisions\/116738"}],"wp:featuredmedia":[{"embeddable":true,"href":"https:\/\/www.caririemacao.com\/1\/wp-json\/wp\/v2\/media\/44287"}],"wp:attachment":[{"href":"https:\/\/www.caririemacao.com\/1\/wp-json\/wp\/v2\/media?parent=116736"}],"wp:term":[{"taxonomy":"category","embeddable":true,"href":"https:\/\/www.caririemacao.com\/1\/wp-json\/wp\/v2\/categories?post=116736"},{"taxonomy":"post_tag","embeddable":true,"href":"https:\/\/www.caririemacao.com\/1\/wp-json\/wp\/v2\/tags?post=116736"}],"curies":[{"name":"wp","href":"https:\/\/api.w.org\/{rel}","templated":true}]}}